{"id":8640,"date":"2024-06-17T15:16:58","date_gmt":"2024-06-17T13:16:58","guid":{"rendered":"https:\/\/cohortecantabria.com\/?p=8640"},"modified":"2024-06-18T09:29:38","modified_gmt":"2024-06-18T07:29:38","slug":"el-parlamento-se-suma-a-cohorte-cantabria","status":"publish","type":"post","link":"https:\/\/cohortecantabria.com\/en\/2024\/06\/17\/el-parlamento-se-suma-a-cohorte-cantabria\/","title":{"rendered":"The Parliament joins Cantabria Cohort"},"content":{"rendered":"<div class=\"wp-block-jetpack-slideshow aligncenter is-style-rectangular\" data-effect=\"slide\"><div class=\"wp-block-jetpack-slideshow_container swiper-container\"><ul class=\"wp-block-jetpack-slideshow_swiper-wrapper swiper-wrapper\"><li class=\"wp-block-jetpack-slideshow_slide swiper-slide\"><figure><img fetchpriority=\"high\" decoding=\"async\" width=\"5452\" height=\"3634\" alt=\"\" class=\"wp-block-jetpack-slideshow_image wp-image-8642\" data-id=\"8642\" src=\"https:\/\/cohortecantabria.com\/wp-content\/uploads\/2024\/06\/PRESENTACION-PROYECTO-COHORTE_03.jpg\" srcset=\"https:\/\/cohortecantabria.com\/wp-content\/uploads\/2024\/06\/PRESENTACION-PROYECTO-COHORTE_03.jpg 5452w, https:\/\/cohortecantabria.com\/wp-content\/uploads\/2024\/06\/PRESENTACION-PROYECTO-COHORTE_03-300x200.jpg 300w, https:\/\/cohortecantabria.com\/wp-content\/uploads\/2024\/06\/PRESENTACION-PROYECTO-COHORTE_03-1024x683.jpg 1024w, https:\/\/cohortecantabria.com\/wp-content\/uploads\/2024\/06\/PRESENTACION-PROYECTO-COHORTE_03-768x512.jpg 768w, https:\/\/cohortecantabria.com\/wp-content\/uploads\/2024\/06\/PRESENTACION-PROYECTO-COHORTE_03-1536x1024.jpg 1536w, https:\/\/cohortecantabria.com\/wp-content\/uploads\/2024\/06\/PRESENTACION-PROYECTO-COHORTE_03-2048x1365.jpg 2048w, https:\/\/cohortecantabria.com\/wp-content\/uploads\/2024\/06\/PRESENTACION-PROYECTO-COHORTE_03-18x12.jpg 18w, https:\/\/cohortecantabria.com\/wp-content\/uploads\/2024\/06\/PRESENTACION-PROYECTO-COHORTE_03-1200x800.jpg 1200w, https:\/\/cohortecantabria.com\/wp-content\/uploads\/2024\/06\/PRESENTACION-PROYECTO-COHORTE_03-1568x1045.jpg 1568w\" sizes=\"(max-width: 5452px) 100vw, 5452px\" \/><figcaption class=\"wp-block-jetpack-slideshow_caption gallery-caption\">Presentaci\u00f3n del Proyecto COHORTE CANTABRIA  en el patio central del Parlamento de Cantabria con Marcos L\u00f3pez Hoyos del IDIVAL.<\/figcaption><\/figure><\/li><li class=\"wp-block-jetpack-slideshow_slide swiper-slide\"><figure><img decoding=\"async\" width=\"5180\" height=\"3454\" alt=\"\" class=\"wp-block-jetpack-slideshow_image wp-image-8643\" data-id=\"8643\" src=\"https:\/\/cohortecantabria.com\/wp-content\/uploads\/2024\/06\/PRESENTACION-PROYECTO-COHORTE_017.jpg\" srcset=\"https:\/\/cohortecantabria.com\/wp-content\/uploads\/2024\/06\/PRESENTACION-PROYECTO-COHORTE_017.jpg 5180w, https:\/\/cohortecantabria.com\/wp-content\/uploads\/2024\/06\/PRESENTACION-PROYECTO-COHORTE_017-300x200.jpg 300w, https:\/\/cohortecantabria.com\/wp-content\/uploads\/2024\/06\/PRESENTACION-PROYECTO-COHORTE_017-1024x683.jpg 1024w, https:\/\/cohortecantabria.com\/wp-content\/uploads\/2024\/06\/PRESENTACION-PROYECTO-COHORTE_017-768x512.jpg 768w, https:\/\/cohortecantabria.com\/wp-content\/uploads\/2024\/06\/PRESENTACION-PROYECTO-COHORTE_017-1536x1024.jpg 1536w, https:\/\/cohortecantabria.com\/wp-content\/uploads\/2024\/06\/PRESENTACION-PROYECTO-COHORTE_017-2048x1366.jpg 2048w, https:\/\/cohortecantabria.com\/wp-content\/uploads\/2024\/06\/PRESENTACION-PROYECTO-COHORTE_017-18x12.jpg 18w, https:\/\/cohortecantabria.com\/wp-content\/uploads\/2024\/06\/PRESENTACION-PROYECTO-COHORTE_017-1200x800.jpg 1200w, https:\/\/cohortecantabria.com\/wp-content\/uploads\/2024\/06\/PRESENTACION-PROYECTO-COHORTE_017-1568x1046.jpg 1568w\" sizes=\"(max-width: 5180px) 100vw, 5180px\" \/><figcaption class=\"wp-block-jetpack-slideshow_caption gallery-caption\">Presentaci\u00f3n del Proyecto COHORTE CANTABRIA  en el patio central del Parlamento de Cantabria con Marcos L\u00f3pez Hoyos del IDIVAL.<\/figcaption><\/figure><\/li><li class=\"wp-block-jetpack-slideshow_slide swiper-slide\"><figure><img decoding=\"async\" width=\"1616\" height=\"1080\" alt=\"\" class=\"wp-block-jetpack-slideshow_image wp-image-8641\" data-id=\"8641\" src=\"https:\/\/cohortecantabria.com\/wp-content\/uploads\/2024\/06\/17-06-P-COHORTE.jpg\" srcset=\"https:\/\/cohortecantabria.com\/wp-content\/uploads\/2024\/06\/17-06-P-COHORTE.jpg 1616w, https:\/\/cohortecantabria.com\/wp-content\/uploads\/2024\/06\/17-06-P-COHORTE-300x200.jpg 300w, https:\/\/cohortecantabria.com\/wp-content\/uploads\/2024\/06\/17-06-P-COHORTE-1024x684.jpg 1024w, https:\/\/cohortecantabria.com\/wp-content\/uploads\/2024\/06\/17-06-P-COHORTE-768x513.jpg 768w, https:\/\/cohortecantabria.com\/wp-content\/uploads\/2024\/06\/17-06-P-COHORTE-1536x1027.jpg 1536w, https:\/\/cohortecantabria.com\/wp-content\/uploads\/2024\/06\/17-06-P-COHORTE-18x12.jpg 18w, https:\/\/cohortecantabria.com\/wp-content\/uploads\/2024\/06\/17-06-P-COHORTE-1200x802.jpg 1200w, https:\/\/cohortecantabria.com\/wp-content\/uploads\/2024\/06\/17-06-P-COHORTE-1568x1048.jpg 1568w\" sizes=\"(max-width: 1616px) 100vw, 1616px\" \/><\/figure><\/li><\/ul><a class=\"wp-block-jetpack-slideshow_button-prev swiper-button-prev swiper-button-white\" role=\"button\"><\/a><a class=\"wp-block-jetpack-slideshow_button-next swiper-button-next swiper-button-white\" role=\"button\"><\/a><a aria-label=\"Pause Slideshow\" class=\"wp-block-jetpack-slideshow_button-pause\" role=\"button\"><\/a><div class=\"wp-block-jetpack-slideshow_pagination swiper-pagination swiper-pagination-white\"><\/div><\/div><\/div>\n\n\n\n<p style=\"text-align: justify;\">The Parliament of Cantabria has joined Cantabria Cohort in an event where Dr. Marcos L\u00f3pez Hoyos briefly presented the study's objectives. The President of the Parliament, Mar\u00eda Jos\u00e9 Gonz\u00e1lez Revuelta, encouraged the public to give the final push to reach 50,000 participants.<\/p>\n\n<p style=\"text-align: justify;\">The President of the Parliament, Mar\u00eda Jos\u00e9 Gonz\u00e1lez Revuelta, encouraged the public to give the final push to reach 50,000 participants. Additionally, deputies from the PP, PRC, PSOE, and Vox groups spoke at the event to share their experiences as volunteers in the project.<\/p>\n\n<p style=\"text-align: justify;\">The President of the Parliament reminded everyone that despite being launched during the pandemic in April 2021, the project achieved 6,000 participants in its first six months and now exceeds 39,000 volunteers. \"With this action, we in the Parliament want to contribute to the start of this final stretch. We want to give Cantabria Cohort a boost to reach the goal of 50,000 volunteers,\" stated Gonz\u00e1lez Revuelta.\n<\/p>\n<p style=\"text-align: justify;\">Press releases:<\/p>\n<ul>\n    <li>\n        <a href=\"https:\/\/www.eldiariomontanes.es\/cantabria\/ultimo-impulso-proyecto-cohorte-cantabria-20240617173743-nt.html\">El Diario Monta\u00f1\u00e9s<\/a>\n    <\/li>\n    <li>\n        <a href=\"https:\/\/eldiariocantabria.publico.es\/articulo\/sanidad\/parlamento-suma-cohorte-cantabria-que-alcanza-39000-participantes\/20240617173707158414.html\">El Diario Cantabria<\/a>\n    <\/li>\n    <li>\n        <a href=\"https:\/\/www.cantabriaeconomica.com\/portada\/el-parlamento-se-suma-a-cohorte-cantabria-que-alcanza-ya-39-000-participantes\/\">Cantabria Econ\u00f3mica<\/a>\n    <\/li>\n    <li>\n        <a href=\"https:\/\/www.ifomo.es\/articulo\/cantabria\/cantabria-parlamento-suma-cohorte-cantabria-que-alcanza-39000-participantes\/20240617132817298516.html\">Ifomo Noticias<\/a>\n    <\/li>\n<\/ul>","protected":false},"excerpt":{"rendered":"<p>The Parliament of Cantabria has joined Cantabria Cohort in an event where Dr. Marcos L\u00f3pez Hoyos briefly presented the study's objectives. The President of the Parliament, Mar\u00eda Jos\u00e9 Gonz\u00e1lez Revuelta, encouraged the public to give the final push to reach 50,000 participants.<a class=\"more-link\" href=\"https:\/\/cohortecantabria.com\/en\/2024\/06\/17\/el-parlamento-se-suma-a-cohorte-cantabria\/\">Continue reading <span class=\"screen-reader-text\">\u00abEl Parlamento se suma a Cohorte Cantabria\u00bb<\/span><\/a><\/p>","protected":false},"author":200200971,"featured_media":8642,"comment_status":"closed","ping_status":"closed","sticky":false,"template":"","format":"standard","meta":{"_coblocks_attr":"","_coblocks_dimensions":"","_coblocks_responsive_height":"","_coblocks_accordion_ie_support":"","_jetpack_newsletter_access":"","_jetpack_dont_email_post_to_subs":false,"_jetpack_newsletter_tier_id":0,"_jetpack_memberships_contains_paywalled_content":false,"_wpcom_ai_launchpad_first_post":false,"_jetpack_feature_clip_id":0,"_jetpack_memberships_contains_paid_content":false,"footnotes":"","jetpack_publicize_message":"{title}\n\n{excerpt}\n\n{url}","jetpack_publicize_feature_enabled":true,"jetpack_social_post_already_shared":true,"jetpack_social_options":{"image_generator_settings":{"template":"highway","default_image_id":0,"font":"","enabled":false},"version":2},"_wpas_customize_per_network":false,"jetpack_post_was_ever_published":false},"categories":[121852],"tags":[],"class_list":["post-8640","post","type-post","status-publish","format-standard","has-post-thumbnail","hentry","category-sin-categoria-es","entry"],"yoast_head":"<!-- This site is optimized with the Yoast SEO plugin v28.3 - https:\/\/yoast.com\/product\/yoast-seo-wordpress\/ -->\n<title>El Parlamento se suma a Cohorte Cantabria - Cohorte Cantabria<\/title>\n<meta name=\"robots\" content=\"index, follow, max-snippet:-1, max-image-preview:large, max-video-preview:-1\" \/>\n<link rel=\"canonical\" href=\"https:\/\/cohortecantabria.com\/en\/2024\/06\/17\/el-parlamento-se-suma-a-cohorte-cantabria\/\" \/>\n<meta property=\"og:locale\" content=\"en_GB\" \/>\n<meta property=\"og:type\" content=\"article\" \/>\n<meta property=\"og:title\" content=\"El Parlamento se suma a Cohorte Cantabria - Cohorte Cantabria\" \/>\n<meta property=\"og:description\" content=\"El Parlamento de Cantabria se ha sumado a Cohorte Cantabria en un acto en el que el Dr. Marcos L\u00f3pez Hoyos ha expuesto brevemente los objetivos del estudio. La presidenta del Parlamento, Mar\u00eda Jos\u00e9 Gonz\u00e1lez Revuelta, ha animado a la ciudadan\u00eda a dar el impulso final para alcanzar los 50.000 participantes. Adem\u00e1s, en el actoContinue reading &quot;El Parlamento se suma a Cohorte Cantabria&quot;\" \/>\n<meta property=\"og:url\" content=\"https:\/\/cohortecantabria.com\/en\/2024\/06\/17\/el-parlamento-se-suma-a-cohorte-cantabria\/\" \/>\n<meta property=\"og:site_name\" content=\"Cohorte Cantabria\" \/>\n<meta property=\"article:publisher\" content=\"https:\/\/www.facebook.com\/CohorteCantabria\/\" \/>\n<meta property=\"article:published_time\" content=\"2024-06-17T13:16:58+00:00\" \/>\n<meta property=\"article:modified_time\" content=\"2024-06-18T07:29:38+00:00\" \/>\n<meta property=\"og:image\" content=\"https:\/\/cohortecantabria.com\/wp-content\/uploads\/2024\/06\/PRESENTACION-PROYECTO-COHORTE_03-1024x683.jpg\" \/>\n\t<meta property=\"og:image:width\" content=\"1024\" \/>\n\t<meta property=\"og:image:height\" content=\"683\" \/>\n\t<meta property=\"og:image:type\" content=\"image\/jpeg\" \/>\n<meta name=\"author\" content=\"Cohorte Cantabria\" \/>\n<meta name=\"twitter:card\" content=\"summary_large_image\" \/>\n<meta name=\"twitter:creator\" content=\"@CohortCantabria\" \/>\n<meta name=\"twitter:site\" content=\"@CohortCantabria\" \/>\n<meta name=\"twitter:label1\" content=\"Written by\" \/>\n\t<meta name=\"twitter:data1\" content=\"Cohorte Cantabria\" \/>\n\t<meta name=\"twitter:label2\" content=\"Estimated reading time\" \/>\n\t<meta name=\"twitter:data2\" content=\"2 minutes\" \/>\n<script type=\"application\/ld+json\" class=\"yoast-schema-graph\">{\"@context\":\"https:\\\/\\\/schema.org\",\"@graph\":[{\"@type\":\"Article\",\"@id\":\"https:\\\/\\\/cohortecantabria.com\\\/2024\\\/06\\\/17\\\/el-parlamento-se-suma-a-cohorte-cantabria\\\/#article\",\"isPartOf\":{\"@id\":\"https:\\\/\\\/cohortecantabria.com\\\/2024\\\/06\\\/17\\\/el-parlamento-se-suma-a-cohorte-cantabria\\\/\"},\"author\":{\"name\":\"Cohorte Cantabria\",\"@id\":\"https:\\\/\\\/cohortecantabria.com\\\/#\\\/schema\\\/person\\\/60f0cf25b8446c78dc0af27aaafe79ed\"},\"headline\":\"El Parlamento se suma a Cohorte Cantabria\",\"datePublished\":\"2024-06-17T13:16:58+00:00\",\"dateModified\":\"2024-06-18T07:29:38+00:00\",\"mainEntityOfPage\":{\"@id\":\"https:\\\/\\\/cohortecantabria.com\\\/2024\\\/06\\\/17\\\/el-parlamento-se-suma-a-cohorte-cantabria\\\/\"},\"wordCount\":211,\"publisher\":{\"@id\":\"https:\\\/\\\/cohortecantabria.com\\\/#organization\"},\"image\":{\"@id\":\"https:\\\/\\\/cohortecantabria.com\\\/2024\\\/06\\\/17\\\/el-parlamento-se-suma-a-cohorte-cantabria\\\/#primaryimage\"},\"thumbnailUrl\":\"https:\\\/\\\/cohortecantabria.com\\\/wp-content\\\/uploads\\\/2024\\\/06\\\/PRESENTACION-PROYECTO-COHORTE_03.jpg\",\"articleSection\":[\"Sin categor\u00eda\"],\"inLanguage\":\"en-GB\"},{\"@type\":\"WebPage\",\"@id\":\"https:\\\/\\\/cohortecantabria.com\\\/2024\\\/06\\\/17\\\/el-parlamento-se-suma-a-cohorte-cantabria\\\/\",\"url\":\"https:\\\/\\\/cohortecantabria.com\\\/2024\\\/06\\\/17\\\/el-parlamento-se-suma-a-cohorte-cantabria\\\/\",\"name\":\"El Parlamento se suma a Cohorte Cantabria - Cohorte Cantabria\",\"isPartOf\":{\"@id\":\"https:\\\/\\\/cohortecantabria.com\\\/#website\"},\"primaryImageOfPage\":{\"@id\":\"https:\\\/\\\/cohortecantabria.com\\\/2024\\\/06\\\/17\\\/el-parlamento-se-suma-a-cohorte-cantabria\\\/#primaryimage\"},\"image\":{\"@id\":\"https:\\\/\\\/cohortecantabria.com\\\/2024\\\/06\\\/17\\\/el-parlamento-se-suma-a-cohorte-cantabria\\\/#primaryimage\"},\"thumbnailUrl\":\"https:\\\/\\\/cohortecantabria.com\\\/wp-content\\\/uploads\\\/2024\\\/06\\\/PRESENTACION-PROYECTO-COHORTE_03.jpg\",\"datePublished\":\"2024-06-17T13:16:58+00:00\",\"dateModified\":\"2024-06-18T07:29:38+00:00\",\"breadcrumb\":{\"@id\":\"https:\\\/\\\/cohortecantabria.com\\\/2024\\\/06\\\/17\\\/el-parlamento-se-suma-a-cohorte-cantabria\\\/#breadcrumb\"},\"inLanguage\":\"en-GB\",\"potentialAction\":[{\"@type\":\"ReadAction\",\"target\":[\"https:\\\/\\\/cohortecantabria.com\\\/2024\\\/06\\\/17\\\/el-parlamento-se-suma-a-cohorte-cantabria\\\/\"]}]},{\"@type\":\"ImageObject\",\"inLanguage\":\"en-GB\",\"@id\":\"https:\\\/\\\/cohortecantabria.com\\\/2024\\\/06\\\/17\\\/el-parlamento-se-suma-a-cohorte-cantabria\\\/#primaryimage\",\"url\":\"https:\\\/\\\/cohortecantabria.com\\\/wp-content\\\/uploads\\\/2024\\\/06\\\/PRESENTACION-PROYECTO-COHORTE_03.jpg\",\"contentUrl\":\"https:\\\/\\\/cohortecantabria.com\\\/wp-content\\\/uploads\\\/2024\\\/06\\\/PRESENTACION-PROYECTO-COHORTE_03.jpg\",\"width\":5452,\"height\":3634,\"caption\":\"Presentaci\u00f3n del Proyecto COHORTE CANTABRIA en el patio central del Parlamento de Cantabria con Marcos L\u00f3pez Hoyos del IDIVAL.\"},{\"@type\":\"BreadcrumbList\",\"@id\":\"https:\\\/\\\/cohortecantabria.com\\\/2024\\\/06\\\/17\\\/el-parlamento-se-suma-a-cohorte-cantabria\\\/#breadcrumb\",\"itemListElement\":[{\"@type\":\"ListItem\",\"position\":1,\"name\":\"Portada\",\"item\":\"https:\\\/\\\/cohortecantabria.com\\\/\"},{\"@type\":\"ListItem\",\"position\":2,\"name\":\"El Parlamento se suma a Cohorte Cantabria\"}]},{\"@type\":\"WebSite\",\"@id\":\"https:\\\/\\\/cohortecantabria.com\\\/#website\",\"url\":\"https:\\\/\\\/cohortecantabria.com\\\/\",\"name\":\"Cohorte Cantabria\",\"description\":\"El estudio de salud de Cantabria\",\"publisher\":{\"@id\":\"https:\\\/\\\/cohortecantabria.com\\\/#organization\"},\"alternateName\":\"cohortecantabria\",\"potentialAction\":[{\"@type\":\"SearchAction\",\"target\":{\"@type\":\"EntryPoint\",\"urlTemplate\":\"https:\\\/\\\/cohortecantabria.com\\\/?s={search_term_string}\"},\"query-input\":{\"@type\":\"PropertyValueSpecification\",\"valueRequired\":true,\"valueName\":\"search_term_string\"}}],\"inLanguage\":\"en-GB\"},{\"@type\":\"Organization\",\"@id\":\"https:\\\/\\\/cohortecantabria.com\\\/#organization\",\"name\":\"Cohorte Cantabria\",\"alternateName\":\"Cohorte Cantabria\",\"url\":\"https:\\\/\\\/cohortecantabria.com\\\/\",\"logo\":{\"@type\":\"ImageObject\",\"inLanguage\":\"en-GB\",\"@id\":\"https:\\\/\\\/cohortecantabria.com\\\/#\\\/schema\\\/logo\\\/image\\\/\",\"url\":\"https:\\\/\\\/cohortecantabria.com\\\/wp-content\\\/uploads\\\/2024\\\/12\\\/LOGOPNG_Cuadrado2000x20002.jpg\",\"contentUrl\":\"https:\\\/\\\/cohortecantabria.com\\\/wp-content\\\/uploads\\\/2024\\\/12\\\/LOGOPNG_Cuadrado2000x20002.jpg\",\"width\":1401,\"height\":1305,\"caption\":\"Cohorte Cantabria\"},\"image\":{\"@id\":\"https:\\\/\\\/cohortecantabria.com\\\/#\\\/schema\\\/logo\\\/image\\\/\"},\"sameAs\":[\"https:\\\/\\\/www.facebook.com\\\/CohorteCantabria\\\/\",\"https:\\\/\\\/x.com\\\/CohortCantabria\",\"https:\\\/\\\/www.youtube.com\\\/channel\\\/UCAu1Vqje_Ztv1YgpbWh1KxA\",\"https:\\\/\\\/www.linkedin.com\\\/company\\\/cohorte-cantabria\"]},{\"@type\":\"Person\",\"@id\":\"https:\\\/\\\/cohortecantabria.com\\\/#\\\/schema\\\/person\\\/60f0cf25b8446c78dc0af27aaafe79ed\",\"name\":\"Cohorte Cantabria\",\"image\":{\"@type\":\"ImageObject\",\"inLanguage\":\"en-GB\",\"@id\":\"https:\\\/\\\/secure.gravatar.com\\\/avatar\\\/dde3efa3d5035ab3e3488c93c82a2ef4310f4df0b7ba2272ae6de3bb03f6c88f?s=96&d=identicon&r=g\",\"url\":\"https:\\\/\\\/secure.gravatar.com\\\/avatar\\\/dde3efa3d5035ab3e3488c93c82a2ef4310f4df0b7ba2272ae6de3bb03f6c88f?s=96&d=identicon&r=g\",\"contentUrl\":\"https:\\\/\\\/secure.gravatar.com\\\/avatar\\\/dde3efa3d5035ab3e3488c93c82a2ef4310f4df0b7ba2272ae6de3bb03f6c88f?s=96&d=identicon&r=g\",\"caption\":\"Cohorte Cantabria\"},\"sameAs\":[\"http:\\\/\\\/cohortescantabria.wordpress.com\"],\"url\":\"https:\\\/\\\/cohortecantabria.com\\\/en\\\/author\\\/idivaladmin\\\/\"}]}<\/script>\n<!-- \/ Yoast SEO plugin. -->","yoast_head_json":{"title":"El Parlamento se suma a Cohorte Cantabria - Cohorte Cantabria","robots":{"index":"index","follow":"follow","max-snippet":"max-snippet:-1","max-image-preview":"max-image-preview:large","max-video-preview":"max-video-preview:-1"},"canonical":"https:\/\/cohortecantabria.com\/en\/2024\/06\/17\/el-parlamento-se-suma-a-cohorte-cantabria\/","og_locale":"en_GB","og_type":"article","og_title":"El Parlamento se suma a Cohorte Cantabria - Cohorte Cantabria","og_description":"El Parlamento de Cantabria se ha sumado a Cohorte Cantabria en un acto en el que el Dr. Marcos L\u00f3pez Hoyos ha expuesto brevemente los objetivos del estudio. La presidenta del Parlamento, Mar\u00eda Jos\u00e9 Gonz\u00e1lez Revuelta, ha animado a la ciudadan\u00eda a dar el impulso final para alcanzar los 50.000 participantes. Adem\u00e1s, en el actoContinue reading \"El Parlamento se suma a Cohorte Cantabria\"","og_url":"https:\/\/cohortecantabria.com\/en\/2024\/06\/17\/el-parlamento-se-suma-a-cohorte-cantabria\/","og_site_name":"Cohorte Cantabria","article_publisher":"https:\/\/www.facebook.com\/CohorteCantabria\/","article_published_time":"2024-06-17T13:16:58+00:00","article_modified_time":"2024-06-18T07:29:38+00:00","og_image":[{"width":1024,"height":683,"url":"https:\/\/cohortecantabria.com\/wp-content\/uploads\/2024\/06\/PRESENTACION-PROYECTO-COHORTE_03-1024x683.jpg","type":"image\/jpeg"}],"author":"Cohorte Cantabria","twitter_card":"summary_large_image","twitter_creator":"@CohortCantabria","twitter_site":"@CohortCantabria","twitter_misc":{"Written by":"Cohorte Cantabria","Estimated reading time":"2 minutes"},"schema":{"@context":"https:\/\/schema.org","@graph":[{"@type":"Article","@id":"https:\/\/cohortecantabria.com\/2024\/06\/17\/el-parlamento-se-suma-a-cohorte-cantabria\/#article","isPartOf":{"@id":"https:\/\/cohortecantabria.com\/2024\/06\/17\/el-parlamento-se-suma-a-cohorte-cantabria\/"},"author":{"name":"Cohorte Cantabria","@id":"https:\/\/cohortecantabria.com\/#\/schema\/person\/60f0cf25b8446c78dc0af27aaafe79ed"},"headline":"El Parlamento se suma a Cohorte Cantabria","datePublished":"2024-06-17T13:16:58+00:00","dateModified":"2024-06-18T07:29:38+00:00","mainEntityOfPage":{"@id":"https:\/\/cohortecantabria.com\/2024\/06\/17\/el-parlamento-se-suma-a-cohorte-cantabria\/"},"wordCount":211,"publisher":{"@id":"https:\/\/cohortecantabria.com\/#organization"},"image":{"@id":"https:\/\/cohortecantabria.com\/2024\/06\/17\/el-parlamento-se-suma-a-cohorte-cantabria\/#primaryimage"},"thumbnailUrl":"https:\/\/cohortecantabria.com\/wp-content\/uploads\/2024\/06\/PRESENTACION-PROYECTO-COHORTE_03.jpg","articleSection":["Sin categor\u00eda"],"inLanguage":"en-GB"},{"@type":"WebPage","@id":"https:\/\/cohortecantabria.com\/2024\/06\/17\/el-parlamento-se-suma-a-cohorte-cantabria\/","url":"https:\/\/cohortecantabria.com\/2024\/06\/17\/el-parlamento-se-suma-a-cohorte-cantabria\/","name":"El Parlamento se suma a Cohorte Cantabria - Cohorte Cantabria","isPartOf":{"@id":"https:\/\/cohortecantabria.com\/#website"},"primaryImageOfPage":{"@id":"https:\/\/cohortecantabria.com\/2024\/06\/17\/el-parlamento-se-suma-a-cohorte-cantabria\/#primaryimage"},"image":{"@id":"https:\/\/cohortecantabria.com\/2024\/06\/17\/el-parlamento-se-suma-a-cohorte-cantabria\/#primaryimage"},"thumbnailUrl":"https:\/\/cohortecantabria.com\/wp-content\/uploads\/2024\/06\/PRESENTACION-PROYECTO-COHORTE_03.jpg","datePublished":"2024-06-17T13:16:58+00:00","dateModified":"2024-06-18T07:29:38+00:00","breadcrumb":{"@id":"https:\/\/cohortecantabria.com\/2024\/06\/17\/el-parlamento-se-suma-a-cohorte-cantabria\/#breadcrumb"},"inLanguage":"en-GB","potentialAction":[{"@type":"ReadAction","target":["https:\/\/cohortecantabria.com\/2024\/06\/17\/el-parlamento-se-suma-a-cohorte-cantabria\/"]}]},{"@type":"ImageObject","inLanguage":"en-GB","@id":"https:\/\/cohortecantabria.com\/2024\/06\/17\/el-parlamento-se-suma-a-cohorte-cantabria\/#primaryimage","url":"https:\/\/cohortecantabria.com\/wp-content\/uploads\/2024\/06\/PRESENTACION-PROYECTO-COHORTE_03.jpg","contentUrl":"https:\/\/cohortecantabria.com\/wp-content\/uploads\/2024\/06\/PRESENTACION-PROYECTO-COHORTE_03.jpg","width":5452,"height":3634,"caption":"Presentaci\u00f3n del Proyecto COHORTE CANTABRIA en el patio central del Parlamento de Cantabria con Marcos L\u00f3pez Hoyos del IDIVAL."},{"@type":"BreadcrumbList","@id":"https:\/\/cohortecantabria.com\/2024\/06\/17\/el-parlamento-se-suma-a-cohorte-cantabria\/#breadcrumb","itemListElement":[{"@type":"ListItem","position":1,"name":"Portada","item":"https:\/\/cohortecantabria.com\/"},{"@type":"ListItem","position":2,"name":"El Parlamento se suma a Cohorte Cantabria"}]},{"@type":"WebSite","@id":"https:\/\/cohortecantabria.com\/#website","url":"https:\/\/cohortecantabria.com\/","name":"Cantabria Cohort","description":"El estudio de salud de Cantabria","publisher":{"@id":"https:\/\/cohortecantabria.com\/#organization"},"alternateName":"cohortecantabria","potentialAction":[{"@type":"SearchAction","target":{"@type":"EntryPoint","urlTemplate":"https:\/\/cohortecantabria.com\/?s={search_term_string}"},"query-input":{"@type":"PropertyValueSpecification","valueRequired":true,"valueName":"search_term_string"}}],"inLanguage":"en-GB"},{"@type":"Organization","@id":"https:\/\/cohortecantabria.com\/#organization","name":"Cantabria Cohort","alternateName":"Cohorte Cantabria","url":"https:\/\/cohortecantabria.com\/","logo":{"@type":"ImageObject","inLanguage":"en-GB","@id":"https:\/\/cohortecantabria.com\/#\/schema\/logo\/image\/","url":"https:\/\/cohortecantabria.com\/wp-content\/uploads\/2024\/12\/LOGOPNG_Cuadrado2000x20002.jpg","contentUrl":"https:\/\/cohortecantabria.com\/wp-content\/uploads\/2024\/12\/LOGOPNG_Cuadrado2000x20002.jpg","width":1401,"height":1305,"caption":"Cohorte Cantabria"},"image":{"@id":"https:\/\/cohortecantabria.com\/#\/schema\/logo\/image\/"},"sameAs":["https:\/\/www.facebook.com\/CohorteCantabria\/","https:\/\/x.com\/CohortCantabria","https:\/\/www.youtube.com\/channel\/UCAu1Vqje_Ztv1YgpbWh1KxA","https:\/\/www.linkedin.com\/company\/cohorte-cantabria"]},{"@type":"Person","@id":"https:\/\/cohortecantabria.com\/#\/schema\/person\/60f0cf25b8446c78dc0af27aaafe79ed","name":"Cantabria Cohort","image":{"@type":"ImageObject","inLanguage":"en-GB","@id":"https:\/\/secure.gravatar.com\/avatar\/dde3efa3d5035ab3e3488c93c82a2ef4310f4df0b7ba2272ae6de3bb03f6c88f?s=96&d=identicon&r=g","url":"https:\/\/secure.gravatar.com\/avatar\/dde3efa3d5035ab3e3488c93c82a2ef4310f4df0b7ba2272ae6de3bb03f6c88f?s=96&d=identicon&r=g","contentUrl":"https:\/\/secure.gravatar.com\/avatar\/dde3efa3d5035ab3e3488c93c82a2ef4310f4df0b7ba2272ae6de3bb03f6c88f?s=96&d=identicon&r=g","caption":"Cohorte Cantabria"},"sameAs":["http:\/\/cohortescantabria.wordpress.com"],"url":"https:\/\/cohortecantabria.com\/en\/author\/idivaladmin\/"}]}},"jetpack_publicize_connections":[],"jetpack_likes_enabled":true,"jetpack_sharing_enabled":true,"jetpack_shortlink":"https:\/\/wp.me\/pcJYBM-2fm","jetpack_featured_media_url":"https:\/\/cohortecantabria.com\/wp-content\/uploads\/2024\/06\/PRESENTACION-PROYECTO-COHORTE_03.jpg","_links":{"self":[{"href":"https:\/\/cohortecantabria.com\/en\/wp-json\/wp\/v2\/posts\/8640","targetHints":{"allow":["GET"]}}],"collection":[{"href":"https:\/\/cohortecantabria.com\/en\/wp-json\/wp\/v2\/posts"}],"about":[{"href":"https:\/\/cohortecantabria.com\/en\/wp-json\/wp\/v2\/types\/post"}],"author":[{"embeddable":true,"href":"https:\/\/cohortecantabria.com\/en\/wp-json\/wp\/v2\/users\/200200971"}],"replies":[{"embeddable":true,"href":"https:\/\/cohortecantabria.com\/en\/wp-json\/wp\/v2\/comments?post=8640"}],"version-history":[{"count":4,"href":"https:\/\/cohortecantabria.com\/en\/wp-json\/wp\/v2\/posts\/8640\/revisions"}],"predecessor-version":[{"id":8653,"href":"https:\/\/cohortecantabria.com\/en\/wp-json\/wp\/v2\/posts\/8640\/revisions\/8653"}],"wp:featuredmedia":[{"embeddable":true,"href":"https:\/\/cohortecantabria.com\/en\/wp-json\/wp\/v2\/media\/8642"}],"wp:attachment":[{"href":"https:\/\/cohortecantabria.com\/en\/wp-json\/wp\/v2\/media?parent=8640"}],"wp:term":[{"taxonomy":"category","embeddable":true,"href":"https:\/\/cohortecantabria.com\/en\/wp-json\/wp\/v2\/categories?post=8640"},{"taxonomy":"post_tag","embeddable":true,"href":"https:\/\/cohortecantabria.com\/en\/wp-json\/wp\/v2\/tags?post=8640"}],"curies":[{"name":"wp","href":"https:\/\/api.w.org\/{rel}","templated":true}]}}