{"id":8292,"date":"2024-04-26T12:36:00","date_gmt":"2024-04-26T10:36:00","guid":{"rendered":"https:\/\/cohortecantabria.com\/?p=8292"},"modified":"2024-07-01T11:11:41","modified_gmt":"2024-07-01T09:11:41","slug":"presentamos-cohorte-cantabria-a-su-majestad-el-rey","status":"publish","type":"post","link":"https:\/\/cohortecantabria.com\/en\/2024\/04\/26\/presentamos-cohorte-cantabria-a-su-majestad-el-rey\/","title":{"rendered":"Presentation of Cantabria Cohort to His Majesty the King"},"content":{"rendered":"<div class=\"wp-block-jetpack-slideshow aligncenter is-style-rectangular\" data-effect=\"slide\"><div class=\"wp-block-jetpack-slideshow_container swiper-container\"><ul class=\"wp-block-jetpack-slideshow_swiper-wrapper swiper-wrapper\"><li class=\"wp-block-jetpack-slideshow_slide swiper-slide\"><figure><img fetchpriority=\"high\" decoding=\"async\" width=\"1600\" height=\"1066\" alt=\"\" class=\"wp-block-jetpack-slideshow_image wp-image-8314\" data-id=\"8314\" src=\"https:\/\/cohortecantabria.com\/wp-content\/uploads\/2024\/04\/WhatsApp-Image-2024-04-29-at-08.49.121.jpeg\" srcset=\"https:\/\/cohortecantabria.com\/wp-content\/uploads\/2024\/04\/WhatsApp-Image-2024-04-29-at-08.49.121.jpeg 1600w, https:\/\/cohortecantabria.com\/wp-content\/uploads\/2024\/04\/WhatsApp-Image-2024-04-29-at-08.49.121-300x200.jpeg 300w, https:\/\/cohortecantabria.com\/wp-content\/uploads\/2024\/04\/WhatsApp-Image-2024-04-29-at-08.49.121-1024x682.jpeg 1024w, https:\/\/cohortecantabria.com\/wp-content\/uploads\/2024\/04\/WhatsApp-Image-2024-04-29-at-08.49.121-768x512.jpeg 768w, https:\/\/cohortecantabria.com\/wp-content\/uploads\/2024\/04\/WhatsApp-Image-2024-04-29-at-08.49.121-1536x1023.jpeg 1536w, https:\/\/cohortecantabria.com\/wp-content\/uploads\/2024\/04\/WhatsApp-Image-2024-04-29-at-08.49.121-18x12.jpeg 18w, https:\/\/cohortecantabria.com\/wp-content\/uploads\/2024\/04\/WhatsApp-Image-2024-04-29-at-08.49.121-1200x800.jpeg 1200w, https:\/\/cohortecantabria.com\/wp-content\/uploads\/2024\/04\/WhatsApp-Image-2024-04-29-at-08.49.121-1568x1045.jpeg 1568w\" sizes=\"(max-width: 1600px) 100vw, 1600px\" \/><\/figure><\/li><li class=\"wp-block-jetpack-slideshow_slide swiper-slide\"><figure><img decoding=\"async\" width=\"4863\" height=\"3248\" alt=\"\" class=\"wp-block-jetpack-slideshow_image wp-image-8293\" data-id=\"8293\" src=\"https:\/\/cohortecantabria.com\/wp-content\/uploads\/2024\/04\/Presidenta-rey-palacio-exposiciones-06.jpeg\" srcset=\"https:\/\/cohortecantabria.com\/wp-content\/uploads\/2024\/04\/Presidenta-rey-palacio-exposiciones-06.jpeg 4863w, https:\/\/cohortecantabria.com\/wp-content\/uploads\/2024\/04\/Presidenta-rey-palacio-exposiciones-06-300x200.jpeg 300w, https:\/\/cohortecantabria.com\/wp-content\/uploads\/2024\/04\/Presidenta-rey-palacio-exposiciones-06-1024x684.jpeg 1024w, https:\/\/cohortecantabria.com\/wp-content\/uploads\/2024\/04\/Presidenta-rey-palacio-exposiciones-06-768x513.jpeg 768w, https:\/\/cohortecantabria.com\/wp-content\/uploads\/2024\/04\/Presidenta-rey-palacio-exposiciones-06-1536x1026.jpeg 1536w, https:\/\/cohortecantabria.com\/wp-content\/uploads\/2024\/04\/Presidenta-rey-palacio-exposiciones-06-2048x1368.jpeg 2048w, https:\/\/cohortecantabria.com\/wp-content\/uploads\/2024\/04\/Presidenta-rey-palacio-exposiciones-06-18x12.jpeg 18w, https:\/\/cohortecantabria.com\/wp-content\/uploads\/2024\/04\/Presidenta-rey-palacio-exposiciones-06-1200x801.jpeg 1200w, https:\/\/cohortecantabria.com\/wp-content\/uploads\/2024\/04\/Presidenta-rey-palacio-exposiciones-06-1568x1047.jpeg 1568w\" sizes=\"(max-width: 4863px) 100vw, 4863px\" \/><\/figure><\/li><li class=\"wp-block-jetpack-slideshow_slide swiper-slide\"><figure><img decoding=\"async\" width=\"1200\" height=\"1600\" alt=\"\" class=\"wp-block-jetpack-slideshow_image wp-image-8294\" data-id=\"8294\" src=\"https:\/\/cohortecantabria.com\/wp-content\/uploads\/2024\/04\/IMG-20240425-WA0018.jpg\" srcset=\"https:\/\/cohortecantabria.com\/wp-content\/uploads\/2024\/04\/IMG-20240425-WA0018.jpg 1200w, https:\/\/cohortecantabria.com\/wp-content\/uploads\/2024\/04\/IMG-20240425-WA0018-225x300.jpg 225w, https:\/\/cohortecantabria.com\/wp-content\/uploads\/2024\/04\/IMG-20240425-WA0018-768x1024.jpg 768w, https:\/\/cohortecantabria.com\/wp-content\/uploads\/2024\/04\/IMG-20240425-WA0018-1152x1536.jpg 1152w, https:\/\/cohortecantabria.com\/wp-content\/uploads\/2024\/04\/IMG-20240425-WA0018-9x12.jpg 9w, https:\/\/cohortecantabria.com\/wp-content\/uploads\/2024\/04\/IMG-20240425-WA0018-900x1200.jpg?crop=1 900w, https:\/\/cohortecantabria.com\/wp-content\/uploads\/2024\/04\/IMG-20240425-WA0018-600x800.jpg?crop=1 600w, https:\/\/cohortecantabria.com\/wp-content\/uploads\/2024\/04\/IMG-20240425-WA0018-450x600.jpg?crop=1 450w, https:\/\/cohortecantabria.com\/wp-content\/uploads\/2024\/04\/IMG-20240425-WA0018-300x400.jpg?crop=1 300w, https:\/\/cohortecantabria.com\/wp-content\/uploads\/2024\/04\/IMG-20240425-WA0018-150x200.jpg?crop=1 150w\" sizes=\"(max-width: 1200px) 100vw, 1200px\" \/><\/figure><\/li><\/ul><a class=\"wp-block-jetpack-slideshow_button-prev swiper-button-prev swiper-button-white\" role=\"button\"><\/a><a class=\"wp-block-jetpack-slideshow_button-next swiper-button-next swiper-button-white\" role=\"button\"><\/a><a aria-label=\"Pause Slideshow\" class=\"wp-block-jetpack-slideshow_button-pause\" role=\"button\"><\/a><div class=\"wp-block-jetpack-slideshow_pagination swiper-pagination swiper-pagination-white\"><\/div><\/div><\/div>\n\n\n\n<p style=\"text-align: justify;\">We have had the immense pleasure of being selected by the Princess of Girona Foundation as a social impact project for the Tour Del Talento 2024.<\/p>\n<p style=\"text-align: justify;\">His Majesty King Felipe presided over the central event in Santander, where the Princess of Girona Award 'Research 2024' was proclaimed.<\/p>\n<p style=\"text-align: justify;\">More information about the day, as published by the Royal Household:<\/p>\n<ul>\n    <li>\n        <a href=\"https:\/\/www.youtube.com\/watch?feature=shared&#038;v=_7MCvQTg0SM\">\u25b6\ufe0fSummary video<\/a>\n    <\/li>\n    <li>\n        <a href=\"https:\/\/www.casareal.es\/ES\/Actividades\/Paginas\/actividades_actividades_detalle.aspx?data=16094\">\ud83d\udcf0Announcement<\/a>\n    <\/li>\n<\/ul>\n<p style=\"text-align: justify;\">An excellent opportunity to showcase the research we develop in Cantabria!<\/p>","protected":false},"excerpt":{"rendered":"<p>We have had the immense pleasure of being selected by the Princess of Girona Foundation as a social impact project for the Tour Del Talento 2024.<a class=\"more-link\" href=\"https:\/\/cohortecantabria.com\/en\/2024\/04\/26\/presentamos-cohorte-cantabria-a-su-majestad-el-rey\/\">Continue reading <span class=\"screen-reader-text\">Presentation of Cantabria Cohort to His Majesty the King<\/span><\/a><\/p>","protected":false},"author":200200971,"featured_media":8319,"comment_status":"closed","ping_status":"closed","sticky":false,"template":"","format":"standard","meta":{"_coblocks_attr":"","_coblocks_dimensions":"","_coblocks_responsive_height":"","_coblocks_accordion_ie_support":"","_jetpack_newsletter_access":"","_jetpack_dont_email_post_to_subs":false,"_jetpack_newsletter_tier_id":0,"_jetpack_memberships_contains_paywalled_content":false,"_wpcom_ai_launchpad_first_post":false,"_jetpack_feature_clip_id":0,"_jetpack_memberships_contains_paid_content":false,"footnotes":"","jetpack_publicize_message":"{title}\n\n{excerpt}\n\n{url}","jetpack_publicize_feature_enabled":true,"jetpack_social_post_already_shared":true,"jetpack_social_options":{"image_generator_settings":{"template":"highway","default_image_id":0,"font":"","enabled":false},"version":2},"_wpas_customize_per_network":false,"jetpack_post_was_ever_published":false},"categories":[121852],"tags":[],"class_list":["post-8292","post","type-post","status-publish","format-standard","has-post-thumbnail","hentry","category-sin-categoria-es","entry"],"yoast_head":"<!-- This site is optimized with the Yoast SEO plugin v28.3 - https:\/\/yoast.com\/product\/yoast-seo-wordpress\/ -->\n<title>Presentamos Cohorte Cantabria a Su Majestad el Rey - Cohorte Cantabria<\/title>\n<meta name=\"robots\" content=\"index, follow, max-snippet:-1, max-image-preview:large, max-video-preview:-1\" \/>\n<link rel=\"canonical\" href=\"https:\/\/cohortecantabria.com\/en\/2024\/04\/26\/presentamos-cohorte-cantabria-a-su-majestad-el-rey\/\" \/>\n<meta property=\"og:locale\" content=\"en_GB\" \/>\n<meta property=\"og:type\" content=\"article\" \/>\n<meta property=\"og:title\" content=\"Presentamos Cohorte Cantabria a Su Majestad el Rey - Cohorte Cantabria\" \/>\n<meta property=\"og:description\" content=\"Hemos tenido el inmenso placer de ser seleccionados por la Fundaci\u00f3n Princesa de Girona como proyecto de impacto social para el Tour Del Talento 2024. Su Majestad el Rey Don Felipe presidi\u00f3 el evento central en Santander, donde se proclam\u00f3 el Premio Princesa de Girona \u00abInvestigaci\u00f3n 2024\u00bb. M\u00e1s informaci\u00f3n sobre la jornada, seg\u00fan lo publicadoContinue reading &quot;Presentamos Cohorte Cantabria a Su Majestad el Rey&quot;\" \/>\n<meta property=\"og:url\" content=\"https:\/\/cohortecantabria.com\/en\/2024\/04\/26\/presentamos-cohorte-cantabria-a-su-majestad-el-rey\/\" \/>\n<meta property=\"og:site_name\" content=\"Cohorte Cantabria\" \/>\n<meta property=\"article:publisher\" content=\"https:\/\/www.facebook.com\/CohorteCantabria\/\" \/>\n<meta property=\"article:published_time\" content=\"2024-04-26T10:36:00+00:00\" \/>\n<meta property=\"article:modified_time\" content=\"2024-07-01T09:11:41+00:00\" \/>\n<meta property=\"og:image\" content=\"https:\/\/cohortecantabria.com\/wp-content\/uploads\/2024\/04\/WhatsApp-Image-2024-04-29-at-08.49.12-1.jpeg\" \/>\n\t<meta property=\"og:image:width\" content=\"1600\" \/>\n\t<meta property=\"og:image:height\" content=\"586\" \/>\n\t<meta property=\"og:image:type\" content=\"image\/jpeg\" \/>\n<meta name=\"author\" content=\"Cohorte Cantabria\" \/>\n<meta name=\"twitter:card\" content=\"summary_large_image\" \/>\n<meta name=\"twitter:creator\" content=\"@CohortCantabria\" \/>\n<meta name=\"twitter:site\" content=\"@CohortCantabria\" \/>\n<meta name=\"twitter:label1\" content=\"Written by\" \/>\n\t<meta name=\"twitter:data1\" content=\"Cohorte Cantabria\" \/>\n\t<meta name=\"twitter:label2\" content=\"Estimated reading time\" \/>\n\t<meta name=\"twitter:data2\" content=\"2 minutes\" \/>\n<script type=\"application\/ld+json\" class=\"yoast-schema-graph\">{\"@context\":\"https:\\\/\\\/schema.org\",\"@graph\":[{\"@type\":\"Article\",\"@id\":\"https:\\\/\\\/cohortecantabria.com\\\/2024\\\/04\\\/26\\\/presentamos-cohorte-cantabria-a-su-majestad-el-rey\\\/#article\",\"isPartOf\":{\"@id\":\"https:\\\/\\\/cohortecantabria.com\\\/2024\\\/04\\\/26\\\/presentamos-cohorte-cantabria-a-su-majestad-el-rey\\\/\"},\"author\":{\"name\":\"Cohorte Cantabria\",\"@id\":\"https:\\\/\\\/cohortecantabria.com\\\/#\\\/schema\\\/person\\\/60f0cf25b8446c78dc0af27aaafe79ed\"},\"headline\":\"Presentamos Cohorte Cantabria a Su Majestad el Rey\",\"datePublished\":\"2024-04-26T10:36:00+00:00\",\"dateModified\":\"2024-07-01T09:11:41+00:00\",\"mainEntityOfPage\":{\"@id\":\"https:\\\/\\\/cohortecantabria.com\\\/2024\\\/04\\\/26\\\/presentamos-cohorte-cantabria-a-su-majestad-el-rey\\\/\"},\"wordCount\":85,\"publisher\":{\"@id\":\"https:\\\/\\\/cohortecantabria.com\\\/#organization\"},\"image\":{\"@id\":\"https:\\\/\\\/cohortecantabria.com\\\/2024\\\/04\\\/26\\\/presentamos-cohorte-cantabria-a-su-majestad-el-rey\\\/#primaryimage\"},\"thumbnailUrl\":\"https:\\\/\\\/cohortecantabria.com\\\/wp-content\\\/uploads\\\/2024\\\/04\\\/WhatsApp-Image-2024-04-29-at-08.49.12-1.jpeg\",\"articleSection\":[\"Sin categor\u00eda\"],\"inLanguage\":\"en-GB\"},{\"@type\":\"WebPage\",\"@id\":\"https:\\\/\\\/cohortecantabria.com\\\/2024\\\/04\\\/26\\\/presentamos-cohorte-cantabria-a-su-majestad-el-rey\\\/\",\"url\":\"https:\\\/\\\/cohortecantabria.com\\\/2024\\\/04\\\/26\\\/presentamos-cohorte-cantabria-a-su-majestad-el-rey\\\/\",\"name\":\"Presentamos Cohorte Cantabria a Su Majestad el Rey - Cohorte Cantabria\",\"isPartOf\":{\"@id\":\"https:\\\/\\\/cohortecantabria.com\\\/#website\"},\"primaryImageOfPage\":{\"@id\":\"https:\\\/\\\/cohortecantabria.com\\\/2024\\\/04\\\/26\\\/presentamos-cohorte-cantabria-a-su-majestad-el-rey\\\/#primaryimage\"},\"image\":{\"@id\":\"https:\\\/\\\/cohortecantabria.com\\\/2024\\\/04\\\/26\\\/presentamos-cohorte-cantabria-a-su-majestad-el-rey\\\/#primaryimage\"},\"thumbnailUrl\":\"https:\\\/\\\/cohortecantabria.com\\\/wp-content\\\/uploads\\\/2024\\\/04\\\/WhatsApp-Image-2024-04-29-at-08.49.12-1.jpeg\",\"datePublished\":\"2024-04-26T10:36:00+00:00\",\"dateModified\":\"2024-07-01T09:11:41+00:00\",\"breadcrumb\":{\"@id\":\"https:\\\/\\\/cohortecantabria.com\\\/2024\\\/04\\\/26\\\/presentamos-cohorte-cantabria-a-su-majestad-el-rey\\\/#breadcrumb\"},\"inLanguage\":\"en-GB\",\"potentialAction\":[{\"@type\":\"ReadAction\",\"target\":[\"https:\\\/\\\/cohortecantabria.com\\\/2024\\\/04\\\/26\\\/presentamos-cohorte-cantabria-a-su-majestad-el-rey\\\/\"]}]},{\"@type\":\"ImageObject\",\"inLanguage\":\"en-GB\",\"@id\":\"https:\\\/\\\/cohortecantabria.com\\\/2024\\\/04\\\/26\\\/presentamos-cohorte-cantabria-a-su-majestad-el-rey\\\/#primaryimage\",\"url\":\"https:\\\/\\\/cohortecantabria.com\\\/wp-content\\\/uploads\\\/2024\\\/04\\\/WhatsApp-Image-2024-04-29-at-08.49.12-1.jpeg\",\"contentUrl\":\"https:\\\/\\\/cohortecantabria.com\\\/wp-content\\\/uploads\\\/2024\\\/04\\\/WhatsApp-Image-2024-04-29-at-08.49.12-1.jpeg\",\"width\":1600,\"height\":586},{\"@type\":\"BreadcrumbList\",\"@id\":\"https:\\\/\\\/cohortecantabria.com\\\/2024\\\/04\\\/26\\\/presentamos-cohorte-cantabria-a-su-majestad-el-rey\\\/#breadcrumb\",\"itemListElement\":[{\"@type\":\"ListItem\",\"position\":1,\"name\":\"Portada\",\"item\":\"https:\\\/\\\/cohortecantabria.com\\\/\"},{\"@type\":\"ListItem\",\"position\":2,\"name\":\"Presentamos Cohorte Cantabria a Su Majestad el Rey\"}]},{\"@type\":\"WebSite\",\"@id\":\"https:\\\/\\\/cohortecantabria.com\\\/#website\",\"url\":\"https:\\\/\\\/cohortecantabria.com\\\/\",\"name\":\"Cohorte Cantabria\",\"description\":\"El estudio de salud de Cantabria\",\"publisher\":{\"@id\":\"https:\\\/\\\/cohortecantabria.com\\\/#organization\"},\"alternateName\":\"cohortecantabria\",\"potentialAction\":[{\"@type\":\"SearchAction\",\"target\":{\"@type\":\"EntryPoint\",\"urlTemplate\":\"https:\\\/\\\/cohortecantabria.com\\\/?s={search_term_string}\"},\"query-input\":{\"@type\":\"PropertyValueSpecification\",\"valueRequired\":true,\"valueName\":\"search_term_string\"}}],\"inLanguage\":\"en-GB\"},{\"@type\":\"Organization\",\"@id\":\"https:\\\/\\\/cohortecantabria.com\\\/#organization\",\"name\":\"Cohorte Cantabria\",\"alternateName\":\"Cohorte Cantabria\",\"url\":\"https:\\\/\\\/cohortecantabria.com\\\/\",\"logo\":{\"@type\":\"ImageObject\",\"inLanguage\":\"en-GB\",\"@id\":\"https:\\\/\\\/cohortecantabria.com\\\/#\\\/schema\\\/logo\\\/image\\\/\",\"url\":\"https:\\\/\\\/cohortecantabria.com\\\/wp-content\\\/uploads\\\/2024\\\/12\\\/LOGOPNG_Cuadrado2000x20002.jpg\",\"contentUrl\":\"https:\\\/\\\/cohortecantabria.com\\\/wp-content\\\/uploads\\\/2024\\\/12\\\/LOGOPNG_Cuadrado2000x20002.jpg\",\"width\":1401,\"height\":1305,\"caption\":\"Cohorte Cantabria\"},\"image\":{\"@id\":\"https:\\\/\\\/cohortecantabria.com\\\/#\\\/schema\\\/logo\\\/image\\\/\"},\"sameAs\":[\"https:\\\/\\\/www.facebook.com\\\/CohorteCantabria\\\/\",\"https:\\\/\\\/x.com\\\/CohortCantabria\",\"https:\\\/\\\/www.youtube.com\\\/channel\\\/UCAu1Vqje_Ztv1YgpbWh1KxA\",\"https:\\\/\\\/www.linkedin.com\\\/company\\\/cohorte-cantabria\"]},{\"@type\":\"Person\",\"@id\":\"https:\\\/\\\/cohortecantabria.com\\\/#\\\/schema\\\/person\\\/60f0cf25b8446c78dc0af27aaafe79ed\",\"name\":\"Cohorte Cantabria\",\"image\":{\"@type\":\"ImageObject\",\"inLanguage\":\"en-GB\",\"@id\":\"https:\\\/\\\/secure.gravatar.com\\\/avatar\\\/dde3efa3d5035ab3e3488c93c82a2ef4310f4df0b7ba2272ae6de3bb03f6c88f?s=96&d=identicon&r=g\",\"url\":\"https:\\\/\\\/secure.gravatar.com\\\/avatar\\\/dde3efa3d5035ab3e3488c93c82a2ef4310f4df0b7ba2272ae6de3bb03f6c88f?s=96&d=identicon&r=g\",\"contentUrl\":\"https:\\\/\\\/secure.gravatar.com\\\/avatar\\\/dde3efa3d5035ab3e3488c93c82a2ef4310f4df0b7ba2272ae6de3bb03f6c88f?s=96&d=identicon&r=g\",\"caption\":\"Cohorte Cantabria\"},\"sameAs\":[\"http:\\\/\\\/cohortescantabria.wordpress.com\"],\"url\":\"https:\\\/\\\/cohortecantabria.com\\\/en\\\/author\\\/idivaladmin\\\/\"}]}<\/script>\n<!-- \/ Yoast SEO plugin. -->","yoast_head_json":{"title":"Presentamos Cohorte Cantabria a Su Majestad el Rey - Cohorte Cantabria","robots":{"index":"index","follow":"follow","max-snippet":"max-snippet:-1","max-image-preview":"max-image-preview:large","max-video-preview":"max-video-preview:-1"},"canonical":"https:\/\/cohortecantabria.com\/en\/2024\/04\/26\/presentamos-cohorte-cantabria-a-su-majestad-el-rey\/","og_locale":"en_GB","og_type":"article","og_title":"Presentamos Cohorte Cantabria a Su Majestad el Rey - Cohorte Cantabria","og_description":"Hemos tenido el inmenso placer de ser seleccionados por la Fundaci\u00f3n Princesa de Girona como proyecto de impacto social para el Tour Del Talento 2024. Su Majestad el Rey Don Felipe presidi\u00f3 el evento central en Santander, donde se proclam\u00f3 el Premio Princesa de Girona \u00abInvestigaci\u00f3n 2024\u00bb. M\u00e1s informaci\u00f3n sobre la jornada, seg\u00fan lo publicadoContinue reading \"Presentamos Cohorte Cantabria a Su Majestad el Rey\"","og_url":"https:\/\/cohortecantabria.com\/en\/2024\/04\/26\/presentamos-cohorte-cantabria-a-su-majestad-el-rey\/","og_site_name":"Cohorte Cantabria","article_publisher":"https:\/\/www.facebook.com\/CohorteCantabria\/","article_published_time":"2024-04-26T10:36:00+00:00","article_modified_time":"2024-07-01T09:11:41+00:00","og_image":[{"width":1600,"height":586,"url":"https:\/\/cohortecantabria.com\/wp-content\/uploads\/2024\/04\/WhatsApp-Image-2024-04-29-at-08.49.12-1.jpeg","type":"image\/jpeg"}],"author":"Cohorte Cantabria","twitter_card":"summary_large_image","twitter_creator":"@CohortCantabria","twitter_site":"@CohortCantabria","twitter_misc":{"Written by":"Cohorte Cantabria","Estimated reading time":"2 minutes"},"schema":{"@context":"https:\/\/schema.org","@graph":[{"@type":"Article","@id":"https:\/\/cohortecantabria.com\/2024\/04\/26\/presentamos-cohorte-cantabria-a-su-majestad-el-rey\/#article","isPartOf":{"@id":"https:\/\/cohortecantabria.com\/2024\/04\/26\/presentamos-cohorte-cantabria-a-su-majestad-el-rey\/"},"author":{"name":"Cohorte Cantabria","@id":"https:\/\/cohortecantabria.com\/#\/schema\/person\/60f0cf25b8446c78dc0af27aaafe79ed"},"headline":"Presentamos Cohorte Cantabria a Su Majestad el Rey","datePublished":"2024-04-26T10:36:00+00:00","dateModified":"2024-07-01T09:11:41+00:00","mainEntityOfPage":{"@id":"https:\/\/cohortecantabria.com\/2024\/04\/26\/presentamos-cohorte-cantabria-a-su-majestad-el-rey\/"},"wordCount":85,"publisher":{"@id":"https:\/\/cohortecantabria.com\/#organization"},"image":{"@id":"https:\/\/cohortecantabria.com\/2024\/04\/26\/presentamos-cohorte-cantabria-a-su-majestad-el-rey\/#primaryimage"},"thumbnailUrl":"https:\/\/cohortecantabria.com\/wp-content\/uploads\/2024\/04\/WhatsApp-Image-2024-04-29-at-08.49.12-1.jpeg","articleSection":["Sin categor\u00eda"],"inLanguage":"en-GB"},{"@type":"WebPage","@id":"https:\/\/cohortecantabria.com\/2024\/04\/26\/presentamos-cohorte-cantabria-a-su-majestad-el-rey\/","url":"https:\/\/cohortecantabria.com\/2024\/04\/26\/presentamos-cohorte-cantabria-a-su-majestad-el-rey\/","name":"Presentamos Cohorte Cantabria a Su Majestad el Rey - Cohorte Cantabria","isPartOf":{"@id":"https:\/\/cohortecantabria.com\/#website"},"primaryImageOfPage":{"@id":"https:\/\/cohortecantabria.com\/2024\/04\/26\/presentamos-cohorte-cantabria-a-su-majestad-el-rey\/#primaryimage"},"image":{"@id":"https:\/\/cohortecantabria.com\/2024\/04\/26\/presentamos-cohorte-cantabria-a-su-majestad-el-rey\/#primaryimage"},"thumbnailUrl":"https:\/\/cohortecantabria.com\/wp-content\/uploads\/2024\/04\/WhatsApp-Image-2024-04-29-at-08.49.12-1.jpeg","datePublished":"2024-04-26T10:36:00+00:00","dateModified":"2024-07-01T09:11:41+00:00","breadcrumb":{"@id":"https:\/\/cohortecantabria.com\/2024\/04\/26\/presentamos-cohorte-cantabria-a-su-majestad-el-rey\/#breadcrumb"},"inLanguage":"en-GB","potentialAction":[{"@type":"ReadAction","target":["https:\/\/cohortecantabria.com\/2024\/04\/26\/presentamos-cohorte-cantabria-a-su-majestad-el-rey\/"]}]},{"@type":"ImageObject","inLanguage":"en-GB","@id":"https:\/\/cohortecantabria.com\/2024\/04\/26\/presentamos-cohorte-cantabria-a-su-majestad-el-rey\/#primaryimage","url":"https:\/\/cohortecantabria.com\/wp-content\/uploads\/2024\/04\/WhatsApp-Image-2024-04-29-at-08.49.12-1.jpeg","contentUrl":"https:\/\/cohortecantabria.com\/wp-content\/uploads\/2024\/04\/WhatsApp-Image-2024-04-29-at-08.49.12-1.jpeg","width":1600,"height":586},{"@type":"BreadcrumbList","@id":"https:\/\/cohortecantabria.com\/2024\/04\/26\/presentamos-cohorte-cantabria-a-su-majestad-el-rey\/#breadcrumb","itemListElement":[{"@type":"ListItem","position":1,"name":"Portada","item":"https:\/\/cohortecantabria.com\/"},{"@type":"ListItem","position":2,"name":"Presentamos Cohorte Cantabria a Su Majestad el Rey"}]},{"@type":"WebSite","@id":"https:\/\/cohortecantabria.com\/#website","url":"https:\/\/cohortecantabria.com\/","name":"Cantabria Cohort","description":"El estudio de salud de Cantabria","publisher":{"@id":"https:\/\/cohortecantabria.com\/#organization"},"alternateName":"cohortecantabria","potentialAction":[{"@type":"SearchAction","target":{"@type":"EntryPoint","urlTemplate":"https:\/\/cohortecantabria.com\/?s={search_term_string}"},"query-input":{"@type":"PropertyValueSpecification","valueRequired":true,"valueName":"search_term_string"}}],"inLanguage":"en-GB"},{"@type":"Organization","@id":"https:\/\/cohortecantabria.com\/#organization","name":"Cantabria Cohort","alternateName":"Cohorte Cantabria","url":"https:\/\/cohortecantabria.com\/","logo":{"@type":"ImageObject","inLanguage":"en-GB","@id":"https:\/\/cohortecantabria.com\/#\/schema\/logo\/image\/","url":"https:\/\/cohortecantabria.com\/wp-content\/uploads\/2024\/12\/LOGOPNG_Cuadrado2000x20002.jpg","contentUrl":"https:\/\/cohortecantabria.com\/wp-content\/uploads\/2024\/12\/LOGOPNG_Cuadrado2000x20002.jpg","width":1401,"height":1305,"caption":"Cohorte Cantabria"},"image":{"@id":"https:\/\/cohortecantabria.com\/#\/schema\/logo\/image\/"},"sameAs":["https:\/\/www.facebook.com\/CohorteCantabria\/","https:\/\/x.com\/CohortCantabria","https:\/\/www.youtube.com\/channel\/UCAu1Vqje_Ztv1YgpbWh1KxA","https:\/\/www.linkedin.com\/company\/cohorte-cantabria"]},{"@type":"Person","@id":"https:\/\/cohortecantabria.com\/#\/schema\/person\/60f0cf25b8446c78dc0af27aaafe79ed","name":"Cantabria Cohort","image":{"@type":"ImageObject","inLanguage":"en-GB","@id":"https:\/\/secure.gravatar.com\/avatar\/dde3efa3d5035ab3e3488c93c82a2ef4310f4df0b7ba2272ae6de3bb03f6c88f?s=96&d=identicon&r=g","url":"https:\/\/secure.gravatar.com\/avatar\/dde3efa3d5035ab3e3488c93c82a2ef4310f4df0b7ba2272ae6de3bb03f6c88f?s=96&d=identicon&r=g","contentUrl":"https:\/\/secure.gravatar.com\/avatar\/dde3efa3d5035ab3e3488c93c82a2ef4310f4df0b7ba2272ae6de3bb03f6c88f?s=96&d=identicon&r=g","caption":"Cohorte Cantabria"},"sameAs":["http:\/\/cohortescantabria.wordpress.com"],"url":"https:\/\/cohortecantabria.com\/en\/author\/idivaladmin\/"}]}},"jetpack_publicize_connections":[],"jetpack_likes_enabled":true,"jetpack_sharing_enabled":true,"jetpack_shortlink":"https:\/\/wp.me\/pcJYBM-29K","jetpack_featured_media_url":"https:\/\/cohortecantabria.com\/wp-content\/uploads\/2024\/04\/WhatsApp-Image-2024-04-29-at-08.49.12-1.jpeg","_links":{"self":[{"href":"https:\/\/cohortecantabria.com\/en\/wp-json\/wp\/v2\/posts\/8292","targetHints":{"allow":["GET"]}}],"collection":[{"href":"https:\/\/cohortecantabria.com\/en\/wp-json\/wp\/v2\/posts"}],"about":[{"href":"https:\/\/cohortecantabria.com\/en\/wp-json\/wp\/v2\/types\/post"}],"author":[{"embeddable":true,"href":"https:\/\/cohortecantabria.com\/en\/wp-json\/wp\/v2\/users\/200200971"}],"replies":[{"embeddable":true,"href":"https:\/\/cohortecantabria.com\/en\/wp-json\/wp\/v2\/comments?post=8292"}],"version-history":[{"count":11,"href":"https:\/\/cohortecantabria.com\/en\/wp-json\/wp\/v2\/posts\/8292\/revisions"}],"predecessor-version":[{"id":8316,"href":"https:\/\/cohortecantabria.com\/en\/wp-json\/wp\/v2\/posts\/8292\/revisions\/8316"}],"wp:featuredmedia":[{"embeddable":true,"href":"https:\/\/cohortecantabria.com\/en\/wp-json\/wp\/v2\/media\/8319"}],"wp:attachment":[{"href":"https:\/\/cohortecantabria.com\/en\/wp-json\/wp\/v2\/media?parent=8292"}],"wp:term":[{"taxonomy":"category","embeddable":true,"href":"https:\/\/cohortecantabria.com\/en\/wp-json\/wp\/v2\/categories?post=8292"},{"taxonomy":"post_tag","embeddable":true,"href":"https:\/\/cohortecantabria.com\/en\/wp-json\/wp\/v2\/tags?post=8292"}],"curies":[{"name":"wp","href":"https:\/\/api.w.org\/{rel}","templated":true}]}}