{"id":2307,"date":"2022-12-01T11:15:00","date_gmt":"2022-12-01T10:15:00","guid":{"rendered":"https:\/\/cohortecantabria.com\/?p=2307"},"modified":"2022-12-12T12:18:23","modified_gmt":"2022-12-12T11:18:23","slug":"presentacion-de-cohorte-cantabria-a-las-asociaciones-de-pacientes","status":"publish","type":"post","link":"https:\/\/cohortecantabria.com\/en\/2022\/12\/01\/presentacion-de-cohorte-cantabria-a-las-asociaciones-de-pacientes\/","title":{"rendered":"Presentation of Cantabria Cohort to Patient Associations"},"content":{"rendered":"<p class=\"wp-block-paragraph\">El pasado 30 de noviembre se celebr\u00f3 en IDIVAL una reuni\u00f3n con las asociaciones de pacientes de Cantabria para presentar los avances del proyecto Cohorte Cantabria.<\/p>\n\n\n\n<p class=\"wp-block-paragraph\">Una reuni\u00f3n que congreg\u00f3 a m\u00e1s de una decena de asociaciones que se han ofrecido a promover y difundir el proyecto Cohorte Cantabria entre pacientes y familiares. Un primer encuentro con las asociaciones y que ser\u00e1 el fruto de futuras reuniones con el objeto desde IDIVAL de trabajar y colaborar m\u00e1s estrechamente en proyectos de investigaci\u00f3n.<\/p>\n\n\n\n<p class=\"wp-block-paragraph\">El 17 de marzo de este a\u00f1o, las asociaciones ya participaron en la jornada de medicina de precisi\u00f3n celebrada en el Hospital Valdecilla, pero en esta ocasi\u00f3n, se ha celebrado una reuni\u00f3n espec\u00edfica para las asociaciones de pacientes para actualizar los avances y novedades del proyecto.<\/p>\n\n\n\n<p class=\"wp-block-paragraph\">El equipo de Cohorte Cantabria est\u00e1 muy agradecido por la excelente acogida, participaci\u00f3n y asistencia a la reuni\u00f3n celebrada en IDIVAL.<\/p>","protected":false},"excerpt":{"rendered":"<p>El pasado 30 de noviembre se celebr\u00f3 en IDIVAL una reuni\u00f3n con las asociaciones de pacientes de Cantabria para presentar los avances del proyecto Cohorte Cantabria. Una reuni\u00f3n que congreg\u00f3 a m\u00e1s de una decena de asociaciones que se han ofrecido a promover y difundir el proyecto Cohorte Cantabria entre pacientes y familiares. Un primer<a class=\"more-link\" href=\"https:\/\/cohortecantabria.com\/en\/2022\/12\/01\/presentacion-de-cohorte-cantabria-a-las-asociaciones-de-pacientes\/\">Continue reading <span class=\"screen-reader-text\">Presentation of Cantabria Cohort to Patient Associations<\/span><\/a><\/p>","protected":false},"author":200200971,"featured_media":2308,"comment_status":"closed","ping_status":"closed","sticky":false,"template":"","format":"standard","meta":{"_coblocks_attr":"","_coblocks_dimensions":"","_coblocks_responsive_height":"","_coblocks_accordion_ie_support":"","_jetpack_newsletter_access":"","_jetpack_dont_email_post_to_subs":false,"_jetpack_newsletter_tier_id":0,"_jetpack_memberships_contains_paywalled_content":false,"_wpcom_ai_launchpad_first_post":false,"_jetpack_feature_clip_id":0,"_jetpack_memberships_contains_paid_content":false,"footnotes":"","jetpack_publicize_message":"{title}\n\n{excerpt}\n\n{url}","jetpack_publicize_feature_enabled":true,"jetpack_social_post_already_shared":true,"jetpack_social_options":{"image_generator_settings":{"template":"highway","default_image_id":0,"font":"","enabled":false},"version":2},"_wpas_customize_per_network":false,"jetpack_post_was_ever_published":false},"categories":[121852],"tags":[],"class_list":["post-2307","post","type-post","status-publish","format-standard","has-post-thumbnail","hentry","category-sin-categoria-es","entry"],"yoast_head":"<!-- This site is optimized with the Yoast SEO plugin v28.4 - https:\/\/yoast.com\/product\/yoast-seo-wordpress\/ -->\n<title>Presentaci\u00f3n de Cohorte Cantabria a las asociaciones de Pacientes - Cohorte Cantabria<\/title>\n<meta name=\"robots\" content=\"index, follow, max-snippet:-1, max-image-preview:large, max-video-preview:-1\" \/>\n<link rel=\"canonical\" href=\"https:\/\/cohortecantabria.com\/en\/2022\/12\/01\/presentacion-de-cohorte-cantabria-a-las-asociaciones-de-pacientes\/\" \/>\n<meta property=\"og:locale\" content=\"en_GB\" \/>\n<meta property=\"og:type\" content=\"article\" \/>\n<meta property=\"og:title\" content=\"Presentaci\u00f3n de Cohorte Cantabria a las asociaciones de Pacientes - Cohorte Cantabria\" \/>\n<meta property=\"og:description\" content=\"El pasado 30 de noviembre se celebr\u00f3 en IDIVAL una reuni\u00f3n con las asociaciones de pacientes de Cantabria para presentar los avances del proyecto Cohorte Cantabria. Una reuni\u00f3n que congreg\u00f3 a m\u00e1s de una decena de asociaciones que se han ofrecido a promover y difundir el proyecto Cohorte Cantabria entre pacientes y familiares. Un primerContinue reading &quot;Presentaci\u00f3n de Cohorte Cantabria a las asociaciones de Pacientes&quot;\" \/>\n<meta property=\"og:url\" content=\"https:\/\/cohortecantabria.com\/en\/2022\/12\/01\/presentacion-de-cohorte-cantabria-a-las-asociaciones-de-pacientes\/\" \/>\n<meta property=\"og:site_name\" content=\"Cohorte Cantabria\" \/>\n<meta property=\"article:publisher\" content=\"https:\/\/www.facebook.com\/CohorteCantabria\/\" \/>\n<meta property=\"article:published_time\" content=\"2022-12-01T10:15:00+00:00\" \/>\n<meta property=\"article:modified_time\" content=\"2022-12-12T11:18:23+00:00\" \/>\n<meta property=\"og:image\" content=\"https:\/\/cohortecantabria.com\/wp-content\/uploads\/2022\/12\/Noticia_asociaciones-1024x771.jpg\" \/>\n\t<meta property=\"og:image:width\" content=\"1024\" \/>\n\t<meta property=\"og:image:height\" content=\"771\" \/>\n\t<meta property=\"og:image:type\" content=\"image\/jpeg\" \/>\n<meta name=\"author\" content=\"Cohorte Cantabria\" \/>\n<meta name=\"twitter:card\" content=\"summary_large_image\" \/>\n<meta name=\"twitter:creator\" content=\"@CohortCantabria\" \/>\n<meta name=\"twitter:site\" content=\"@CohortCantabria\" \/>\n<meta name=\"twitter:label1\" content=\"Written by\" \/>\n\t<meta name=\"twitter:data1\" content=\"Cohorte Cantabria\" \/>\n\t<meta name=\"twitter:label2\" content=\"Estimated reading time\" \/>\n\t<meta name=\"twitter:data2\" content=\"1 minute\" \/>\n<script type=\"application\/ld+json\" class=\"yoast-schema-graph\">{\"@context\":\"https:\\\/\\\/schema.org\",\"@graph\":[{\"@type\":\"Article\",\"@id\":\"https:\\\/\\\/cohortecantabria.com\\\/2022\\\/12\\\/01\\\/presentacion-de-cohorte-cantabria-a-las-asociaciones-de-pacientes\\\/#article\",\"isPartOf\":{\"@id\":\"https:\\\/\\\/cohortecantabria.com\\\/2022\\\/12\\\/01\\\/presentacion-de-cohorte-cantabria-a-las-asociaciones-de-pacientes\\\/\"},\"author\":{\"name\":\"Cohorte Cantabria\",\"@id\":\"https:\\\/\\\/cohortecantabria.com\\\/#\\\/schema\\\/person\\\/60f0cf25b8446c78dc0af27aaafe79ed\"},\"headline\":\"Presentaci\u00f3n de Cohorte Cantabria a las asociaciones de Pacientes\",\"datePublished\":\"2022-12-01T10:15:00+00:00\",\"dateModified\":\"2022-12-12T11:18:23+00:00\",\"mainEntityOfPage\":{\"@id\":\"https:\\\/\\\/cohortecantabria.com\\\/2022\\\/12\\\/01\\\/presentacion-de-cohorte-cantabria-a-las-asociaciones-de-pacientes\\\/\"},\"wordCount\":169,\"publisher\":{\"@id\":\"https:\\\/\\\/cohortecantabria.com\\\/#organization\"},\"image\":{\"@id\":\"https:\\\/\\\/cohortecantabria.com\\\/2022\\\/12\\\/01\\\/presentacion-de-cohorte-cantabria-a-las-asociaciones-de-pacientes\\\/#primaryimage\"},\"thumbnailUrl\":\"https:\\\/\\\/cohortecantabria.com\\\/wp-content\\\/uploads\\\/2022\\\/12\\\/Noticia_asociaciones.jpg\",\"articleSection\":[\"Sin categor\u00eda\"],\"inLanguage\":\"en-GB\"},{\"@type\":\"WebPage\",\"@id\":\"https:\\\/\\\/cohortecantabria.com\\\/2022\\\/12\\\/01\\\/presentacion-de-cohorte-cantabria-a-las-asociaciones-de-pacientes\\\/\",\"url\":\"https:\\\/\\\/cohortecantabria.com\\\/2022\\\/12\\\/01\\\/presentacion-de-cohorte-cantabria-a-las-asociaciones-de-pacientes\\\/\",\"name\":\"Presentaci\u00f3n de Cohorte Cantabria a las asociaciones de Pacientes - Cohorte Cantabria\",\"isPartOf\":{\"@id\":\"https:\\\/\\\/cohortecantabria.com\\\/#website\"},\"primaryImageOfPage\":{\"@id\":\"https:\\\/\\\/cohortecantabria.com\\\/2022\\\/12\\\/01\\\/presentacion-de-cohorte-cantabria-a-las-asociaciones-de-pacientes\\\/#primaryimage\"},\"image\":{\"@id\":\"https:\\\/\\\/cohortecantabria.com\\\/2022\\\/12\\\/01\\\/presentacion-de-cohorte-cantabria-a-las-asociaciones-de-pacientes\\\/#primaryimage\"},\"thumbnailUrl\":\"https:\\\/\\\/cohortecantabria.com\\\/wp-content\\\/uploads\\\/2022\\\/12\\\/Noticia_asociaciones.jpg\",\"datePublished\":\"2022-12-01T10:15:00+00:00\",\"dateModified\":\"2022-12-12T11:18:23+00:00\",\"breadcrumb\":{\"@id\":\"https:\\\/\\\/cohortecantabria.com\\\/2022\\\/12\\\/01\\\/presentacion-de-cohorte-cantabria-a-las-asociaciones-de-pacientes\\\/#breadcrumb\"},\"inLanguage\":\"en-GB\",\"potentialAction\":[{\"@type\":\"ReadAction\",\"target\":[\"https:\\\/\\\/cohortecantabria.com\\\/2022\\\/12\\\/01\\\/presentacion-de-cohorte-cantabria-a-las-asociaciones-de-pacientes\\\/\"]}]},{\"@type\":\"ImageObject\",\"inLanguage\":\"en-GB\",\"@id\":\"https:\\\/\\\/cohortecantabria.com\\\/2022\\\/12\\\/01\\\/presentacion-de-cohorte-cantabria-a-las-asociaciones-de-pacientes\\\/#primaryimage\",\"url\":\"https:\\\/\\\/cohortecantabria.com\\\/wp-content\\\/uploads\\\/2022\\\/12\\\/Noticia_asociaciones.jpg\",\"contentUrl\":\"https:\\\/\\\/cohortecantabria.com\\\/wp-content\\\/uploads\\\/2022\\\/12\\\/Noticia_asociaciones.jpg\",\"width\":4080,\"height\":3072},{\"@type\":\"BreadcrumbList\",\"@id\":\"https:\\\/\\\/cohortecantabria.com\\\/2022\\\/12\\\/01\\\/presentacion-de-cohorte-cantabria-a-las-asociaciones-de-pacientes\\\/#breadcrumb\",\"itemListElement\":[{\"@type\":\"ListItem\",\"position\":1,\"name\":\"Portada\",\"item\":\"https:\\\/\\\/cohortecantabria.com\\\/\"},{\"@type\":\"ListItem\",\"position\":2,\"name\":\"Presentaci\u00f3n de Cohorte Cantabria a las asociaciones de Pacientes\"}]},{\"@type\":\"WebSite\",\"@id\":\"https:\\\/\\\/cohortecantabria.com\\\/#website\",\"url\":\"https:\\\/\\\/cohortecantabria.com\\\/\",\"name\":\"Cohorte Cantabria\",\"description\":\"El estudio de salud de Cantabria\",\"publisher\":{\"@id\":\"https:\\\/\\\/cohortecantabria.com\\\/#organization\"},\"alternateName\":\"cohortecantabria\",\"potentialAction\":[{\"@type\":\"SearchAction\",\"target\":{\"@type\":\"EntryPoint\",\"urlTemplate\":\"https:\\\/\\\/cohortecantabria.com\\\/?s={search_term_string}\"},\"query-input\":{\"@type\":\"PropertyValueSpecification\",\"valueRequired\":true,\"valueName\":\"search_term_string\"}}],\"inLanguage\":\"en-GB\"},{\"@type\":\"Organization\",\"@id\":\"https:\\\/\\\/cohortecantabria.com\\\/#organization\",\"name\":\"Cohorte Cantabria\",\"alternateName\":\"Cohorte Cantabria\",\"url\":\"https:\\\/\\\/cohortecantabria.com\\\/\",\"logo\":{\"@type\":\"ImageObject\",\"inLanguage\":\"en-GB\",\"@id\":\"https:\\\/\\\/cohortecantabria.com\\\/#\\\/schema\\\/logo\\\/image\\\/\",\"url\":\"https:\\\/\\\/cohortecantabria.com\\\/wp-content\\\/uploads\\\/2024\\\/12\\\/LOGOPNG_Cuadrado2000x20002.jpg\",\"contentUrl\":\"https:\\\/\\\/cohortecantabria.com\\\/wp-content\\\/uploads\\\/2024\\\/12\\\/LOGOPNG_Cuadrado2000x20002.jpg\",\"width\":1401,\"height\":1305,\"caption\":\"Cohorte Cantabria\"},\"image\":{\"@id\":\"https:\\\/\\\/cohortecantabria.com\\\/#\\\/schema\\\/logo\\\/image\\\/\"},\"sameAs\":[\"https:\\\/\\\/www.facebook.com\\\/CohorteCantabria\\\/\",\"https:\\\/\\\/x.com\\\/CohortCantabria\",\"https:\\\/\\\/www.youtube.com\\\/channel\\\/UCAu1Vqje_Ztv1YgpbWh1KxA\",\"https:\\\/\\\/www.linkedin.com\\\/company\\\/cohorte-cantabria\"]},{\"@type\":\"Person\",\"@id\":\"https:\\\/\\\/cohortecantabria.com\\\/#\\\/schema\\\/person\\\/60f0cf25b8446c78dc0af27aaafe79ed\",\"name\":\"Cohorte Cantabria\",\"image\":{\"@type\":\"ImageObject\",\"inLanguage\":\"en-GB\",\"@id\":\"https:\\\/\\\/secure.gravatar.com\\\/avatar\\\/dde3efa3d5035ab3e3488c93c82a2ef4310f4df0b7ba2272ae6de3bb03f6c88f?s=96&d=identicon&r=g\",\"url\":\"https:\\\/\\\/secure.gravatar.com\\\/avatar\\\/dde3efa3d5035ab3e3488c93c82a2ef4310f4df0b7ba2272ae6de3bb03f6c88f?s=96&d=identicon&r=g\",\"contentUrl\":\"https:\\\/\\\/secure.gravatar.com\\\/avatar\\\/dde3efa3d5035ab3e3488c93c82a2ef4310f4df0b7ba2272ae6de3bb03f6c88f?s=96&d=identicon&r=g\",\"caption\":\"Cohorte Cantabria\"},\"sameAs\":[\"http:\\\/\\\/cohortescantabria.wordpress.com\"],\"url\":\"https:\\\/\\\/cohortecantabria.com\\\/en\\\/author\\\/idivaladmin\\\/\"}]}<\/script>\n<!-- \/ Yoast SEO plugin. -->","yoast_head_json":{"title":"Presentaci\u00f3n de Cohorte Cantabria a las asociaciones de Pacientes - Cohorte Cantabria","robots":{"index":"index","follow":"follow","max-snippet":"max-snippet:-1","max-image-preview":"max-image-preview:large","max-video-preview":"max-video-preview:-1"},"canonical":"https:\/\/cohortecantabria.com\/en\/2022\/12\/01\/presentacion-de-cohorte-cantabria-a-las-asociaciones-de-pacientes\/","og_locale":"en_GB","og_type":"article","og_title":"Presentaci\u00f3n de Cohorte Cantabria a las asociaciones de Pacientes - Cohorte Cantabria","og_description":"El pasado 30 de noviembre se celebr\u00f3 en IDIVAL una reuni\u00f3n con las asociaciones de pacientes de Cantabria para presentar los avances del proyecto Cohorte Cantabria. Una reuni\u00f3n que congreg\u00f3 a m\u00e1s de una decena de asociaciones que se han ofrecido a promover y difundir el proyecto Cohorte Cantabria entre pacientes y familiares. Un primerContinue reading \"Presentaci\u00f3n de Cohorte Cantabria a las asociaciones de Pacientes\"","og_url":"https:\/\/cohortecantabria.com\/en\/2022\/12\/01\/presentacion-de-cohorte-cantabria-a-las-asociaciones-de-pacientes\/","og_site_name":"Cohorte Cantabria","article_publisher":"https:\/\/www.facebook.com\/CohorteCantabria\/","article_published_time":"2022-12-01T10:15:00+00:00","article_modified_time":"2022-12-12T11:18:23+00:00","og_image":[{"width":1024,"height":771,"url":"https:\/\/cohortecantabria.com\/wp-content\/uploads\/2022\/12\/Noticia_asociaciones-1024x771.jpg","type":"image\/jpeg"}],"author":"Cohorte Cantabria","twitter_card":"summary_large_image","twitter_creator":"@CohortCantabria","twitter_site":"@CohortCantabria","twitter_misc":{"Written by":"Cohorte Cantabria","Estimated reading time":"1 minute"},"schema":{"@context":"https:\/\/schema.org","@graph":[{"@type":"Article","@id":"https:\/\/cohortecantabria.com\/2022\/12\/01\/presentacion-de-cohorte-cantabria-a-las-asociaciones-de-pacientes\/#article","isPartOf":{"@id":"https:\/\/cohortecantabria.com\/2022\/12\/01\/presentacion-de-cohorte-cantabria-a-las-asociaciones-de-pacientes\/"},"author":{"name":"Cohorte Cantabria","@id":"https:\/\/cohortecantabria.com\/#\/schema\/person\/60f0cf25b8446c78dc0af27aaafe79ed"},"headline":"Presentaci\u00f3n de Cohorte Cantabria a las asociaciones de Pacientes","datePublished":"2022-12-01T10:15:00+00:00","dateModified":"2022-12-12T11:18:23+00:00","mainEntityOfPage":{"@id":"https:\/\/cohortecantabria.com\/2022\/12\/01\/presentacion-de-cohorte-cantabria-a-las-asociaciones-de-pacientes\/"},"wordCount":169,"publisher":{"@id":"https:\/\/cohortecantabria.com\/#organization"},"image":{"@id":"https:\/\/cohortecantabria.com\/2022\/12\/01\/presentacion-de-cohorte-cantabria-a-las-asociaciones-de-pacientes\/#primaryimage"},"thumbnailUrl":"https:\/\/cohortecantabria.com\/wp-content\/uploads\/2022\/12\/Noticia_asociaciones.jpg","articleSection":["Sin categor\u00eda"],"inLanguage":"en-GB"},{"@type":"WebPage","@id":"https:\/\/cohortecantabria.com\/2022\/12\/01\/presentacion-de-cohorte-cantabria-a-las-asociaciones-de-pacientes\/","url":"https:\/\/cohortecantabria.com\/2022\/12\/01\/presentacion-de-cohorte-cantabria-a-las-asociaciones-de-pacientes\/","name":"Presentaci\u00f3n de Cohorte Cantabria a las asociaciones de Pacientes - Cohorte Cantabria","isPartOf":{"@id":"https:\/\/cohortecantabria.com\/#website"},"primaryImageOfPage":{"@id":"https:\/\/cohortecantabria.com\/2022\/12\/01\/presentacion-de-cohorte-cantabria-a-las-asociaciones-de-pacientes\/#primaryimage"},"image":{"@id":"https:\/\/cohortecantabria.com\/2022\/12\/01\/presentacion-de-cohorte-cantabria-a-las-asociaciones-de-pacientes\/#primaryimage"},"thumbnailUrl":"https:\/\/cohortecantabria.com\/wp-content\/uploads\/2022\/12\/Noticia_asociaciones.jpg","datePublished":"2022-12-01T10:15:00+00:00","dateModified":"2022-12-12T11:18:23+00:00","breadcrumb":{"@id":"https:\/\/cohortecantabria.com\/2022\/12\/01\/presentacion-de-cohorte-cantabria-a-las-asociaciones-de-pacientes\/#breadcrumb"},"inLanguage":"en-GB","potentialAction":[{"@type":"ReadAction","target":["https:\/\/cohortecantabria.com\/2022\/12\/01\/presentacion-de-cohorte-cantabria-a-las-asociaciones-de-pacientes\/"]}]},{"@type":"ImageObject","inLanguage":"en-GB","@id":"https:\/\/cohortecantabria.com\/2022\/12\/01\/presentacion-de-cohorte-cantabria-a-las-asociaciones-de-pacientes\/#primaryimage","url":"https:\/\/cohortecantabria.com\/wp-content\/uploads\/2022\/12\/Noticia_asociaciones.jpg","contentUrl":"https:\/\/cohortecantabria.com\/wp-content\/uploads\/2022\/12\/Noticia_asociaciones.jpg","width":4080,"height":3072},{"@type":"BreadcrumbList","@id":"https:\/\/cohortecantabria.com\/2022\/12\/01\/presentacion-de-cohorte-cantabria-a-las-asociaciones-de-pacientes\/#breadcrumb","itemListElement":[{"@type":"ListItem","position":1,"name":"Portada","item":"https:\/\/cohortecantabria.com\/"},{"@type":"ListItem","position":2,"name":"Presentaci\u00f3n de Cohorte Cantabria a las asociaciones de Pacientes"}]},{"@type":"WebSite","@id":"https:\/\/cohortecantabria.com\/#website","url":"https:\/\/cohortecantabria.com\/","name":"Cantabria Cohort","description":"El estudio de salud de Cantabria","publisher":{"@id":"https:\/\/cohortecantabria.com\/#organization"},"alternateName":"cohortecantabria","potentialAction":[{"@type":"SearchAction","target":{"@type":"EntryPoint","urlTemplate":"https:\/\/cohortecantabria.com\/?s={search_term_string}"},"query-input":{"@type":"PropertyValueSpecification","valueRequired":true,"valueName":"search_term_string"}}],"inLanguage":"en-GB"},{"@type":"Organization","@id":"https:\/\/cohortecantabria.com\/#organization","name":"Cantabria Cohort","alternateName":"Cohorte Cantabria","url":"https:\/\/cohortecantabria.com\/","logo":{"@type":"ImageObject","inLanguage":"en-GB","@id":"https:\/\/cohortecantabria.com\/#\/schema\/logo\/image\/","url":"https:\/\/cohortecantabria.com\/wp-content\/uploads\/2024\/12\/LOGOPNG_Cuadrado2000x20002.jpg","contentUrl":"https:\/\/cohortecantabria.com\/wp-content\/uploads\/2024\/12\/LOGOPNG_Cuadrado2000x20002.jpg","width":1401,"height":1305,"caption":"Cohorte Cantabria"},"image":{"@id":"https:\/\/cohortecantabria.com\/#\/schema\/logo\/image\/"},"sameAs":["https:\/\/www.facebook.com\/CohorteCantabria\/","https:\/\/x.com\/CohortCantabria","https:\/\/www.youtube.com\/channel\/UCAu1Vqje_Ztv1YgpbWh1KxA","https:\/\/www.linkedin.com\/company\/cohorte-cantabria"]},{"@type":"Person","@id":"https:\/\/cohortecantabria.com\/#\/schema\/person\/60f0cf25b8446c78dc0af27aaafe79ed","name":"Cantabria Cohort","image":{"@type":"ImageObject","inLanguage":"en-GB","@id":"https:\/\/secure.gravatar.com\/avatar\/dde3efa3d5035ab3e3488c93c82a2ef4310f4df0b7ba2272ae6de3bb03f6c88f?s=96&d=identicon&r=g","url":"https:\/\/secure.gravatar.com\/avatar\/dde3efa3d5035ab3e3488c93c82a2ef4310f4df0b7ba2272ae6de3bb03f6c88f?s=96&d=identicon&r=g","contentUrl":"https:\/\/secure.gravatar.com\/avatar\/dde3efa3d5035ab3e3488c93c82a2ef4310f4df0b7ba2272ae6de3bb03f6c88f?s=96&d=identicon&r=g","caption":"Cohorte Cantabria"},"sameAs":["http:\/\/cohortescantabria.wordpress.com"],"url":"https:\/\/cohortecantabria.com\/en\/author\/idivaladmin\/"}]}},"jetpack_publicize_connections":[],"jetpack_likes_enabled":true,"jetpack_sharing_enabled":true,"jetpack_shortlink":"https:\/\/wp.me\/pcJYBM-Bd","jetpack_featured_media_url":"https:\/\/cohortecantabria.com\/wp-content\/uploads\/2022\/12\/Noticia_asociaciones.jpg","_links":{"self":[{"href":"https:\/\/cohortecantabria.com\/en\/wp-json\/wp\/v2\/posts\/2307","targetHints":{"allow":["GET"]}}],"collection":[{"href":"https:\/\/cohortecantabria.com\/en\/wp-json\/wp\/v2\/posts"}],"about":[{"href":"https:\/\/cohortecantabria.com\/en\/wp-json\/wp\/v2\/types\/post"}],"author":[{"embeddable":true,"href":"https:\/\/cohortecantabria.com\/en\/wp-json\/wp\/v2\/users\/200200971"}],"replies":[{"embeddable":true,"href":"https:\/\/cohortecantabria.com\/en\/wp-json\/wp\/v2\/comments?post=2307"}],"version-history":[{"count":2,"href":"https:\/\/cohortecantabria.com\/en\/wp-json\/wp\/v2\/posts\/2307\/revisions"}],"predecessor-version":[{"id":2353,"href":"https:\/\/cohortecantabria.com\/en\/wp-json\/wp\/v2\/posts\/2307\/revisions\/2353"}],"wp:featuredmedia":[{"embeddable":true,"href":"https:\/\/cohortecantabria.com\/en\/wp-json\/wp\/v2\/media\/2308"}],"wp:attachment":[{"href":"https:\/\/cohortecantabria.com\/en\/wp-json\/wp\/v2\/media?parent=2307"}],"wp:term":[{"taxonomy":"category","embeddable":true,"href":"https:\/\/cohortecantabria.com\/en\/wp-json\/wp\/v2\/categories?post=2307"},{"taxonomy":"post_tag","embeddable":true,"href":"https:\/\/cohortecantabria.com\/en\/wp-json\/wp\/v2\/tags?post=2307"}],"curies":[{"name":"wp","href":"https:\/\/api.w.org\/{rel}","templated":true}]}}