{"id":1480,"date":"2022-05-19T08:39:00","date_gmt":"2022-05-19T06:39:00","guid":{"rendered":"https:\/\/cohortecantabria.com\/?p=1480"},"modified":"2023-08-16T14:39:47","modified_gmt":"2023-08-16T12:39:47","slug":"la-beca-stop-fuga-de-cerebros-recae-sobre-la-coordinadora-de-cohorte-del-idival","status":"publish","type":"post","link":"https:\/\/cohortecantabria.com\/en\/2022\/05\/19\/la-beca-stop-fuga-de-cerebros-recae-sobre-la-coordinadora-de-cohorte-del-idival\/","title":{"rendered":"The 'Stop Brain Drain' award goes to the coordinator of Cantabria Cohort at IDIVAL"},"content":{"rendered":"<p class=\"has-text-align-justify\">The 'Stop Brain Drain' award from Roche Farma, endowed with \u20ac60,000, has been granted to the biotechnologist from the Marqu\u00e9s de Valdecilla Health Research Institute (IDIVAL), Dr. Marta Alonso, in recognition of her research work. This grant has been awarded to her for a period of 18 months, aiming to support the work of researchers contributing to Cantabria.<\/p>\n\n\n\n<p>Links:<\/p>\n\n\n\n<ul class=\"wp-block-list\">\n<li><a href=\"https:\/\/www.eldiariomontanes.es\/cantabria\/beca-stop-fuga-20220519220550-nt.html?ref=https%3A%2F%2Fwww.google.com%2F\" data-type=\"URL\" data-id=\"https:\/\/www.eldiariomontanes.es\/cantabria\/beca-stop-fuga-20220519220550-nt.html?ref=https%3A%2F%2Fwww.google.com%2F\">El Diario Monta\u00f1\u00e9s<\/a><\/li>\n\n\n\n<li><a href=\"https:\/\/www.ifomo.es\/articulo\/cantabria\/cantabria-investigadora-idival-que-coordina-cohorte-recibe-beca-stop-fuga-cerebros\/20220518162953225770.html\" data-type=\"URL\" data-id=\"https:\/\/www.ifomo.es\/articulo\/cantabria\/cantabria-investigadora-idival-que-coordina-cohorte-recibe-beca-stop-fuga-cerebros\/20220518162953225770.html\">Ifomo<\/a><\/li>\n\n\n\n<li><a href=\"https:\/\/www.elfaradio.com\/2022\/05\/19\/la-investigadora-del-idival-marta-alonso-coordinadora-de-cohorte-cantabria-recibe-la-beca-cientifica-stop-fuga-de-cerebros\/\" data-type=\"URL\" data-id=\"https:\/\/www.elfaradio.com\/2022\/05\/19\/la-investigadora-del-idival-marta-alonso-coordinadora-de-cohorte-cantabria-recibe-la-beca-cientifica-stop-fuga-de-cerebros\/\">El Faradio<\/a><\/li>\n<\/ul>","protected":false},"excerpt":{"rendered":"<p>El premio &#8216;Stop Fuga de Cerebros&#8217; de Roche Farma, dotado con 60.000 euros, ha reca\u00eddo esta vez en la biotecn\u00f3loga del Instituto de Investigaci\u00f3n Sanitaria Marqu\u00e9s de Valdecilla (IDIVAL), Marta Alonso, gracias a la labor investigadora. Sobre ella ha ca\u00eddo esta ayuda, durante un periodo de 18 meses, que tiene como objetivo apoyar el trabajo<a class=\"more-link\" href=\"https:\/\/cohortecantabria.com\/en\/2022\/05\/19\/la-beca-stop-fuga-de-cerebros-recae-sobre-la-coordinadora-de-cohorte-del-idival\/\">Continue reading <span class=\"screen-reader-text\">The 'Stop Brain Drain' award goes to the coordinator of Cantabria Cohort at IDIVAL<\/span><\/a><\/p>","protected":false},"author":200200971,"featured_media":1483,"comment_status":"closed","ping_status":"closed","sticky":false,"template":"","format":"standard","meta":{"_coblocks_attr":"","_coblocks_dimensions":"","_coblocks_responsive_height":"","_coblocks_accordion_ie_support":"","_jetpack_newsletter_access":"","_jetpack_dont_email_post_to_subs":false,"_jetpack_newsletter_tier_id":0,"_jetpack_memberships_contains_paywalled_content":false,"_jetpack_memberships_contains_paid_content":false,"footnotes":"","jetpack_publicize_message":"","jetpack_publicize_feature_enabled":true,"jetpack_social_post_already_shared":true,"jetpack_social_options":{"image_generator_settings":{"template":"highway","default_image_id":0,"font":"","enabled":false},"version":2},"_wpas_customize_per_network":false,"jetpack_post_was_ever_published":false},"categories":[121852],"tags":[],"class_list":["post-1480","post","type-post","status-publish","format-standard","has-post-thumbnail","hentry","category-sin-categoria-es","entry"],"yoast_head":"<!-- This site is optimized with the Yoast SEO plugin v27.4 - https:\/\/yoast.com\/product\/yoast-seo-wordpress\/ -->\n<title>El premio &#039;Stop Fuga de Cerebros&#039; recae sobre la coordinadora de &#039;Cohorte&#039; del IDIVAL - Cohorte Cantabria<\/title>\n<meta name=\"robots\" content=\"index, follow, max-snippet:-1, max-image-preview:large, max-video-preview:-1\" \/>\n<link rel=\"canonical\" href=\"https:\/\/cohortecantabria.com\/en\/2022\/05\/19\/la-beca-stop-fuga-de-cerebros-recae-sobre-la-coordinadora-de-cohorte-del-idival\/\" \/>\n<meta property=\"og:locale\" content=\"en_GB\" \/>\n<meta property=\"og:type\" content=\"article\" \/>\n<meta property=\"og:title\" content=\"El premio &#039;Stop Fuga de Cerebros&#039; recae sobre la coordinadora de &#039;Cohorte&#039; del IDIVAL - Cohorte Cantabria\" \/>\n<meta property=\"og:description\" content=\"El premio &#8216;Stop Fuga de Cerebros&#8217; de Roche Farma, dotado con 60.000 euros, ha reca\u00eddo esta vez en la biotecn\u00f3loga del Instituto de Investigaci\u00f3n Sanitaria Marqu\u00e9s de Valdecilla (IDIVAL), Marta Alonso, gracias a la labor investigadora. Sobre ella ha ca\u00eddo esta ayuda, durante un periodo de 18 meses, que tiene como objetivo apoyar el trabajoContinue reading &quot;El premio &#8216;Stop Fuga de Cerebros&#8217; recae sobre la coordinadora de &#8216;Cohorte&#8217; del IDIVAL&quot;\" \/>\n<meta property=\"og:url\" content=\"https:\/\/cohortecantabria.com\/en\/2022\/05\/19\/la-beca-stop-fuga-de-cerebros-recae-sobre-la-coordinadora-de-cohorte-del-idival\/\" \/>\n<meta property=\"og:site_name\" content=\"Cohorte Cantabria\" \/>\n<meta property=\"article:publisher\" content=\"https:\/\/www.facebook.com\/CohorteCantabria\/\" \/>\n<meta property=\"article:published_time\" content=\"2022-05-19T06:39:00+00:00\" \/>\n<meta property=\"article:modified_time\" content=\"2023-08-16T12:39:47+00:00\" \/>\n<meta property=\"og:image\" content=\"https:\/\/cohortecantabria.com\/wp-content\/uploads\/2022\/05\/2022051816295376213-e1692186271500.jpg\" \/>\n\t<meta property=\"og:image:width\" content=\"800\" \/>\n\t<meta property=\"og:image:height\" content=\"498\" \/>\n\t<meta property=\"og:image:type\" content=\"image\/jpeg\" \/>\n<meta name=\"author\" content=\"Cohorte Cantabria\" \/>\n<meta name=\"twitter:card\" content=\"summary_large_image\" \/>\n<meta name=\"twitter:creator\" content=\"@CohortCantabria\" \/>\n<meta name=\"twitter:site\" content=\"@CohortCantabria\" \/>\n<meta name=\"twitter:label1\" content=\"Written by\" \/>\n\t<meta name=\"twitter:data1\" content=\"Cohorte Cantabria\" \/>\n\t<meta name=\"twitter:label2\" content=\"Estimated reading time\" \/>\n\t<meta name=\"twitter:data2\" content=\"1 minute\" \/>\n<script type=\"application\/ld+json\" class=\"yoast-schema-graph\">{\"@context\":\"https:\\\/\\\/schema.org\",\"@graph\":[{\"@type\":\"Article\",\"@id\":\"https:\\\/\\\/cohortecantabria.com\\\/2022\\\/05\\\/19\\\/la-beca-stop-fuga-de-cerebros-recae-sobre-la-coordinadora-de-cohorte-del-idival\\\/#article\",\"isPartOf\":{\"@id\":\"https:\\\/\\\/cohortecantabria.com\\\/2022\\\/05\\\/19\\\/la-beca-stop-fuga-de-cerebros-recae-sobre-la-coordinadora-de-cohorte-del-idival\\\/\"},\"author\":{\"name\":\"Cohorte Cantabria\",\"@id\":\"https:\\\/\\\/cohortecantabria.com\\\/#\\\/schema\\\/person\\\/60f0cf25b8446c78dc0af27aaafe79ed\"},\"headline\":\"El premio &#8216;Stop Fuga de Cerebros&#8217; recae sobre la coordinadora de &#8216;Cohorte&#8217; del IDIVAL\",\"datePublished\":\"2022-05-19T06:39:00+00:00\",\"dateModified\":\"2023-08-16T12:39:47+00:00\",\"mainEntityOfPage\":{\"@id\":\"https:\\\/\\\/cohortecantabria.com\\\/2022\\\/05\\\/19\\\/la-beca-stop-fuga-de-cerebros-recae-sobre-la-coordinadora-de-cohorte-del-idival\\\/\"},\"wordCount\":89,\"publisher\":{\"@id\":\"https:\\\/\\\/cohortecantabria.com\\\/#organization\"},\"image\":{\"@id\":\"https:\\\/\\\/cohortecantabria.com\\\/2022\\\/05\\\/19\\\/la-beca-stop-fuga-de-cerebros-recae-sobre-la-coordinadora-de-cohorte-del-idival\\\/#primaryimage\"},\"thumbnailUrl\":\"https:\\\/\\\/cohortecantabria.com\\\/wp-content\\\/uploads\\\/2022\\\/05\\\/2022051816295376213-e1692186271500.jpg\",\"articleSection\":[\"Sin categor\u00eda\"],\"inLanguage\":\"en-GB\"},{\"@type\":\"WebPage\",\"@id\":\"https:\\\/\\\/cohortecantabria.com\\\/2022\\\/05\\\/19\\\/la-beca-stop-fuga-de-cerebros-recae-sobre-la-coordinadora-de-cohorte-del-idival\\\/\",\"url\":\"https:\\\/\\\/cohortecantabria.com\\\/2022\\\/05\\\/19\\\/la-beca-stop-fuga-de-cerebros-recae-sobre-la-coordinadora-de-cohorte-del-idival\\\/\",\"name\":\"El premio 'Stop Fuga de Cerebros' recae sobre la coordinadora de 'Cohorte' del IDIVAL - Cohorte Cantabria\",\"isPartOf\":{\"@id\":\"https:\\\/\\\/cohortecantabria.com\\\/#website\"},\"primaryImageOfPage\":{\"@id\":\"https:\\\/\\\/cohortecantabria.com\\\/2022\\\/05\\\/19\\\/la-beca-stop-fuga-de-cerebros-recae-sobre-la-coordinadora-de-cohorte-del-idival\\\/#primaryimage\"},\"image\":{\"@id\":\"https:\\\/\\\/cohortecantabria.com\\\/2022\\\/05\\\/19\\\/la-beca-stop-fuga-de-cerebros-recae-sobre-la-coordinadora-de-cohorte-del-idival\\\/#primaryimage\"},\"thumbnailUrl\":\"https:\\\/\\\/cohortecantabria.com\\\/wp-content\\\/uploads\\\/2022\\\/05\\\/2022051816295376213-e1692186271500.jpg\",\"datePublished\":\"2022-05-19T06:39:00+00:00\",\"dateModified\":\"2023-08-16T12:39:47+00:00\",\"breadcrumb\":{\"@id\":\"https:\\\/\\\/cohortecantabria.com\\\/2022\\\/05\\\/19\\\/la-beca-stop-fuga-de-cerebros-recae-sobre-la-coordinadora-de-cohorte-del-idival\\\/#breadcrumb\"},\"inLanguage\":\"en-GB\",\"potentialAction\":[{\"@type\":\"ReadAction\",\"target\":[\"https:\\\/\\\/cohortecantabria.com\\\/2022\\\/05\\\/19\\\/la-beca-stop-fuga-de-cerebros-recae-sobre-la-coordinadora-de-cohorte-del-idival\\\/\"]}]},{\"@type\":\"ImageObject\",\"inLanguage\":\"en-GB\",\"@id\":\"https:\\\/\\\/cohortecantabria.com\\\/2022\\\/05\\\/19\\\/la-beca-stop-fuga-de-cerebros-recae-sobre-la-coordinadora-de-cohorte-del-idival\\\/#primaryimage\",\"url\":\"https:\\\/\\\/cohortecantabria.com\\\/wp-content\\\/uploads\\\/2022\\\/05\\\/2022051816295376213-e1692186271500.jpg\",\"contentUrl\":\"https:\\\/\\\/cohortecantabria.com\\\/wp-content\\\/uploads\\\/2022\\\/05\\\/2022051816295376213-e1692186271500.jpg\",\"width\":800,\"height\":498},{\"@type\":\"BreadcrumbList\",\"@id\":\"https:\\\/\\\/cohortecantabria.com\\\/2022\\\/05\\\/19\\\/la-beca-stop-fuga-de-cerebros-recae-sobre-la-coordinadora-de-cohorte-del-idival\\\/#breadcrumb\",\"itemListElement\":[{\"@type\":\"ListItem\",\"position\":1,\"name\":\"Portada\",\"item\":\"https:\\\/\\\/cohortecantabria.com\\\/\"},{\"@type\":\"ListItem\",\"position\":2,\"name\":\"El premio &#8216;Stop Fuga de Cerebros&#8217; recae sobre la coordinadora de &#8216;Cohorte&#8217; del IDIVAL\"}]},{\"@type\":\"WebSite\",\"@id\":\"https:\\\/\\\/cohortecantabria.com\\\/#website\",\"url\":\"https:\\\/\\\/cohortecantabria.com\\\/\",\"name\":\"Cohorte Cantabria\",\"description\":\"El estudio de salud de Cantabria\",\"publisher\":{\"@id\":\"https:\\\/\\\/cohortecantabria.com\\\/#organization\"},\"alternateName\":\"cohortecantabria\",\"potentialAction\":[{\"@type\":\"SearchAction\",\"target\":{\"@type\":\"EntryPoint\",\"urlTemplate\":\"https:\\\/\\\/cohortecantabria.com\\\/?s={search_term_string}\"},\"query-input\":{\"@type\":\"PropertyValueSpecification\",\"valueRequired\":true,\"valueName\":\"search_term_string\"}}],\"inLanguage\":\"en-GB\"},{\"@type\":\"Organization\",\"@id\":\"https:\\\/\\\/cohortecantabria.com\\\/#organization\",\"name\":\"Cohorte Cantabria\",\"alternateName\":\"Cohorte Cantabria\",\"url\":\"https:\\\/\\\/cohortecantabria.com\\\/\",\"logo\":{\"@type\":\"ImageObject\",\"inLanguage\":\"en-GB\",\"@id\":\"https:\\\/\\\/cohortecantabria.com\\\/#\\\/schema\\\/logo\\\/image\\\/\",\"url\":\"https:\\\/\\\/cohortecantabria.com\\\/wp-content\\\/uploads\\\/2024\\\/12\\\/LOGOPNG_Cuadrado2000x20002.jpg\",\"contentUrl\":\"https:\\\/\\\/cohortecantabria.com\\\/wp-content\\\/uploads\\\/2024\\\/12\\\/LOGOPNG_Cuadrado2000x20002.jpg\",\"width\":1401,\"height\":1305,\"caption\":\"Cohorte Cantabria\"},\"image\":{\"@id\":\"https:\\\/\\\/cohortecantabria.com\\\/#\\\/schema\\\/logo\\\/image\\\/\"},\"sameAs\":[\"https:\\\/\\\/www.facebook.com\\\/CohorteCantabria\\\/\",\"https:\\\/\\\/x.com\\\/CohortCantabria\",\"https:\\\/\\\/www.youtube.com\\\/channel\\\/UCAu1Vqje_Ztv1YgpbWh1KxA\",\"https:\\\/\\\/www.linkedin.com\\\/company\\\/cohorte-cantabria\"]},{\"@type\":\"Person\",\"@id\":\"https:\\\/\\\/cohortecantabria.com\\\/#\\\/schema\\\/person\\\/60f0cf25b8446c78dc0af27aaafe79ed\",\"name\":\"Cohorte Cantabria\",\"image\":{\"@type\":\"ImageObject\",\"inLanguage\":\"en-GB\",\"@id\":\"https:\\\/\\\/secure.gravatar.com\\\/avatar\\\/dde3efa3d5035ab3e3488c93c82a2ef4310f4df0b7ba2272ae6de3bb03f6c88f?s=96&d=identicon&r=g\",\"url\":\"https:\\\/\\\/secure.gravatar.com\\\/avatar\\\/dde3efa3d5035ab3e3488c93c82a2ef4310f4df0b7ba2272ae6de3bb03f6c88f?s=96&d=identicon&r=g\",\"contentUrl\":\"https:\\\/\\\/secure.gravatar.com\\\/avatar\\\/dde3efa3d5035ab3e3488c93c82a2ef4310f4df0b7ba2272ae6de3bb03f6c88f?s=96&d=identicon&r=g\",\"caption\":\"Cohorte Cantabria\"},\"sameAs\":[\"http:\\\/\\\/cohortescantabria.wordpress.com\"],\"url\":\"https:\\\/\\\/cohortecantabria.com\\\/en\\\/author\\\/idivaluai\\\/\"}]}<\/script>\n<!-- \/ Yoast SEO plugin. -->","yoast_head_json":{"title":"El premio 'Stop Fuga de Cerebros' recae sobre la coordinadora de 'Cohorte' del IDIVAL - Cohorte Cantabria","robots":{"index":"index","follow":"follow","max-snippet":"max-snippet:-1","max-image-preview":"max-image-preview:large","max-video-preview":"max-video-preview:-1"},"canonical":"https:\/\/cohortecantabria.com\/en\/2022\/05\/19\/la-beca-stop-fuga-de-cerebros-recae-sobre-la-coordinadora-de-cohorte-del-idival\/","og_locale":"en_GB","og_type":"article","og_title":"El premio 'Stop Fuga de Cerebros' recae sobre la coordinadora de 'Cohorte' del IDIVAL - Cohorte Cantabria","og_description":"El premio &#8216;Stop Fuga de Cerebros&#8217; de Roche Farma, dotado con 60.000 euros, ha reca\u00eddo esta vez en la biotecn\u00f3loga del Instituto de Investigaci\u00f3n Sanitaria Marqu\u00e9s de Valdecilla (IDIVAL), Marta Alonso, gracias a la labor investigadora. Sobre ella ha ca\u00eddo esta ayuda, durante un periodo de 18 meses, que tiene como objetivo apoyar el trabajoContinue reading \"El premio &#8216;Stop Fuga de Cerebros&#8217; recae sobre la coordinadora de &#8216;Cohorte&#8217; del IDIVAL\"","og_url":"https:\/\/cohortecantabria.com\/en\/2022\/05\/19\/la-beca-stop-fuga-de-cerebros-recae-sobre-la-coordinadora-de-cohorte-del-idival\/","og_site_name":"Cohorte Cantabria","article_publisher":"https:\/\/www.facebook.com\/CohorteCantabria\/","article_published_time":"2022-05-19T06:39:00+00:00","article_modified_time":"2023-08-16T12:39:47+00:00","og_image":[{"width":800,"height":498,"url":"https:\/\/cohortecantabria.com\/wp-content\/uploads\/2022\/05\/2022051816295376213-e1692186271500.jpg","type":"image\/jpeg"}],"author":"Cohorte Cantabria","twitter_card":"summary_large_image","twitter_creator":"@CohortCantabria","twitter_site":"@CohortCantabria","twitter_misc":{"Written by":"Cohorte Cantabria","Estimated reading time":"1 minute"},"schema":{"@context":"https:\/\/schema.org","@graph":[{"@type":"Article","@id":"https:\/\/cohortecantabria.com\/2022\/05\/19\/la-beca-stop-fuga-de-cerebros-recae-sobre-la-coordinadora-de-cohorte-del-idival\/#article","isPartOf":{"@id":"https:\/\/cohortecantabria.com\/2022\/05\/19\/la-beca-stop-fuga-de-cerebros-recae-sobre-la-coordinadora-de-cohorte-del-idival\/"},"author":{"name":"Cohorte Cantabria","@id":"https:\/\/cohortecantabria.com\/#\/schema\/person\/60f0cf25b8446c78dc0af27aaafe79ed"},"headline":"El premio &#8216;Stop Fuga de Cerebros&#8217; recae sobre la coordinadora de &#8216;Cohorte&#8217; del IDIVAL","datePublished":"2022-05-19T06:39:00+00:00","dateModified":"2023-08-16T12:39:47+00:00","mainEntityOfPage":{"@id":"https:\/\/cohortecantabria.com\/2022\/05\/19\/la-beca-stop-fuga-de-cerebros-recae-sobre-la-coordinadora-de-cohorte-del-idival\/"},"wordCount":89,"publisher":{"@id":"https:\/\/cohortecantabria.com\/#organization"},"image":{"@id":"https:\/\/cohortecantabria.com\/2022\/05\/19\/la-beca-stop-fuga-de-cerebros-recae-sobre-la-coordinadora-de-cohorte-del-idival\/#primaryimage"},"thumbnailUrl":"https:\/\/cohortecantabria.com\/wp-content\/uploads\/2022\/05\/2022051816295376213-e1692186271500.jpg","articleSection":["Sin categor\u00eda"],"inLanguage":"en-GB"},{"@type":"WebPage","@id":"https:\/\/cohortecantabria.com\/2022\/05\/19\/la-beca-stop-fuga-de-cerebros-recae-sobre-la-coordinadora-de-cohorte-del-idival\/","url":"https:\/\/cohortecantabria.com\/2022\/05\/19\/la-beca-stop-fuga-de-cerebros-recae-sobre-la-coordinadora-de-cohorte-del-idival\/","name":"El premio 'Stop Fuga de Cerebros' recae sobre la coordinadora de 'Cohorte' del IDIVAL - Cohorte Cantabria","isPartOf":{"@id":"https:\/\/cohortecantabria.com\/#website"},"primaryImageOfPage":{"@id":"https:\/\/cohortecantabria.com\/2022\/05\/19\/la-beca-stop-fuga-de-cerebros-recae-sobre-la-coordinadora-de-cohorte-del-idival\/#primaryimage"},"image":{"@id":"https:\/\/cohortecantabria.com\/2022\/05\/19\/la-beca-stop-fuga-de-cerebros-recae-sobre-la-coordinadora-de-cohorte-del-idival\/#primaryimage"},"thumbnailUrl":"https:\/\/cohortecantabria.com\/wp-content\/uploads\/2022\/05\/2022051816295376213-e1692186271500.jpg","datePublished":"2022-05-19T06:39:00+00:00","dateModified":"2023-08-16T12:39:47+00:00","breadcrumb":{"@id":"https:\/\/cohortecantabria.com\/2022\/05\/19\/la-beca-stop-fuga-de-cerebros-recae-sobre-la-coordinadora-de-cohorte-del-idival\/#breadcrumb"},"inLanguage":"en-GB","potentialAction":[{"@type":"ReadAction","target":["https:\/\/cohortecantabria.com\/2022\/05\/19\/la-beca-stop-fuga-de-cerebros-recae-sobre-la-coordinadora-de-cohorte-del-idival\/"]}]},{"@type":"ImageObject","inLanguage":"en-GB","@id":"https:\/\/cohortecantabria.com\/2022\/05\/19\/la-beca-stop-fuga-de-cerebros-recae-sobre-la-coordinadora-de-cohorte-del-idival\/#primaryimage","url":"https:\/\/cohortecantabria.com\/wp-content\/uploads\/2022\/05\/2022051816295376213-e1692186271500.jpg","contentUrl":"https:\/\/cohortecantabria.com\/wp-content\/uploads\/2022\/05\/2022051816295376213-e1692186271500.jpg","width":800,"height":498},{"@type":"BreadcrumbList","@id":"https:\/\/cohortecantabria.com\/2022\/05\/19\/la-beca-stop-fuga-de-cerebros-recae-sobre-la-coordinadora-de-cohorte-del-idival\/#breadcrumb","itemListElement":[{"@type":"ListItem","position":1,"name":"Portada","item":"https:\/\/cohortecantabria.com\/"},{"@type":"ListItem","position":2,"name":"El premio &#8216;Stop Fuga de Cerebros&#8217; recae sobre la coordinadora de &#8216;Cohorte&#8217; del IDIVAL"}]},{"@type":"WebSite","@id":"https:\/\/cohortecantabria.com\/#website","url":"https:\/\/cohortecantabria.com\/","name":"Cantabria Cohort","description":"El estudio de salud de Cantabria","publisher":{"@id":"https:\/\/cohortecantabria.com\/#organization"},"alternateName":"cohortecantabria","potentialAction":[{"@type":"SearchAction","target":{"@type":"EntryPoint","urlTemplate":"https:\/\/cohortecantabria.com\/?s={search_term_string}"},"query-input":{"@type":"PropertyValueSpecification","valueRequired":true,"valueName":"search_term_string"}}],"inLanguage":"en-GB"},{"@type":"Organization","@id":"https:\/\/cohortecantabria.com\/#organization","name":"Cantabria Cohort","alternateName":"Cohorte Cantabria","url":"https:\/\/cohortecantabria.com\/","logo":{"@type":"ImageObject","inLanguage":"en-GB","@id":"https:\/\/cohortecantabria.com\/#\/schema\/logo\/image\/","url":"https:\/\/cohortecantabria.com\/wp-content\/uploads\/2024\/12\/LOGOPNG_Cuadrado2000x20002.jpg","contentUrl":"https:\/\/cohortecantabria.com\/wp-content\/uploads\/2024\/12\/LOGOPNG_Cuadrado2000x20002.jpg","width":1401,"height":1305,"caption":"Cohorte Cantabria"},"image":{"@id":"https:\/\/cohortecantabria.com\/#\/schema\/logo\/image\/"},"sameAs":["https:\/\/www.facebook.com\/CohorteCantabria\/","https:\/\/x.com\/CohortCantabria","https:\/\/www.youtube.com\/channel\/UCAu1Vqje_Ztv1YgpbWh1KxA","https:\/\/www.linkedin.com\/company\/cohorte-cantabria"]},{"@type":"Person","@id":"https:\/\/cohortecantabria.com\/#\/schema\/person\/60f0cf25b8446c78dc0af27aaafe79ed","name":"Cantabria Cohort","image":{"@type":"ImageObject","inLanguage":"en-GB","@id":"https:\/\/secure.gravatar.com\/avatar\/dde3efa3d5035ab3e3488c93c82a2ef4310f4df0b7ba2272ae6de3bb03f6c88f?s=96&d=identicon&r=g","url":"https:\/\/secure.gravatar.com\/avatar\/dde3efa3d5035ab3e3488c93c82a2ef4310f4df0b7ba2272ae6de3bb03f6c88f?s=96&d=identicon&r=g","contentUrl":"https:\/\/secure.gravatar.com\/avatar\/dde3efa3d5035ab3e3488c93c82a2ef4310f4df0b7ba2272ae6de3bb03f6c88f?s=96&d=identicon&r=g","caption":"Cohorte Cantabria"},"sameAs":["http:\/\/cohortescantabria.wordpress.com"],"url":"https:\/\/cohortecantabria.com\/en\/author\/idivaluai\/"}]}},"jetpack_publicize_connections":[],"jetpack_featured_media_url":"https:\/\/cohortecantabria.com\/wp-content\/uploads\/2022\/05\/2022051816295376213-e1692186271500.jpg","jetpack_likes_enabled":true,"jetpack_sharing_enabled":true,"jetpack_shortlink":"https:\/\/wp.me\/pcJYBM-nS","_links":{"self":[{"href":"https:\/\/cohortecantabria.com\/en\/wp-json\/wp\/v2\/posts\/1480","targetHints":{"allow":["GET"]}}],"collection":[{"href":"https:\/\/cohortecantabria.com\/en\/wp-json\/wp\/v2\/posts"}],"about":[{"href":"https:\/\/cohortecantabria.com\/en\/wp-json\/wp\/v2\/types\/post"}],"author":[{"embeddable":true,"href":"https:\/\/cohortecantabria.com\/en\/wp-json\/wp\/v2\/users\/200200971"}],"replies":[{"embeddable":true,"href":"https:\/\/cohortecantabria.com\/en\/wp-json\/wp\/v2\/comments?post=1480"}],"version-history":[{"count":6,"href":"https:\/\/cohortecantabria.com\/en\/wp-json\/wp\/v2\/posts\/1480\/revisions"}],"predecessor-version":[{"id":4614,"href":"https:\/\/cohortecantabria.com\/en\/wp-json\/wp\/v2\/posts\/1480\/revisions\/4614"}],"wp:featuredmedia":[{"embeddable":true,"href":"https:\/\/cohortecantabria.com\/en\/wp-json\/wp\/v2\/media\/1483"}],"wp:attachment":[{"href":"https:\/\/cohortecantabria.com\/en\/wp-json\/wp\/v2\/media?parent=1480"}],"wp:term":[{"taxonomy":"category","embeddable":true,"href":"https:\/\/cohortecantabria.com\/en\/wp-json\/wp\/v2\/categories?post=1480"},{"taxonomy":"post_tag","embeddable":true,"href":"https:\/\/cohortecantabria.com\/en\/wp-json\/wp\/v2\/tags?post=1480"}],"curies":[{"name":"wp","href":"https:\/\/api.w.org\/{rel}","templated":true}]}}