{"id":1434,"date":"2022-04-21T11:14:13","date_gmt":"2022-04-21T09:14:13","guid":{"rendered":"https:\/\/cohortecantabria.com\/?p=1434"},"modified":"2023-08-18T13:24:49","modified_gmt":"2023-08-18T11:24:49","slug":"cohorte-cantabria-cumple-un-ano-y-ya-tiene-mas-de-13000-voluntarios-aunque-necesita-50000","status":"publish","type":"post","link":"https:\/\/cohortecantabria.com\/en\/2022\/04\/21\/cohorte-cantabria-cumple-un-ano-y-ya-tiene-mas-de-13000-voluntarios-aunque-necesita-50000\/","title":{"rendered":"Cantabria Cohort celebrates its first year and already has more than 13,000 volunteers"},"content":{"rendered":"<p class=\"wp-block-paragraph\">Hasta el momento, se han presentado m\u00e1s mujeres, sobre todo de entre 40 y 50 a\u00f1os, que hombres y especialmente personas de Santander y Campoo-Los Valles<\/p>\n\n\n\n<p class=\"wp-block-paragraph\">Links:<\/p>\n\n\n\n<ul class=\"wp-block-list\"><li><a href=\"https:\/\/www.eldiariomontanes.es\/cantabria\/cohorte-cantabria-cumple-20220420143528-nt.html\">El diario monta\u00f1es<\/a><\/li><li><a href=\"https:\/\/www.lavanguardia.com\/local\/cantabria\/20220420\/8209843\/cohorte-cantabria-cumple-ano-funcionamiento-cuenta-mas-13-000-voluntarios.html\">La Vanguardia<\/a><\/li><\/ul>","protected":false},"excerpt":{"rendered":"<p>Hasta el momento, se han presentado m\u00e1s mujeres, sobre todo de entre 40 y 50 a\u00f1os, que hombres y especialmente personas de Santander y Campoo-Los Valles Enlaces: El diario monta\u00f1es La Vanguardia<\/p>","protected":false},"author":200200971,"featured_media":1436,"comment_status":"closed","ping_status":"closed","sticky":false,"template":"","format":"standard","meta":{"_coblocks_attr":"","_coblocks_dimensions":"","_coblocks_responsive_height":"","_coblocks_accordion_ie_support":"","_jetpack_newsletter_access":"","_jetpack_dont_email_post_to_subs":false,"_jetpack_newsletter_tier_id":0,"_jetpack_memberships_contains_paywalled_content":false,"_wpcom_ai_launchpad_first_post":false,"_jetpack_feature_clip_id":0,"_jetpack_memberships_contains_paid_content":false,"footnotes":"","jetpack_publicize_message":"{title}\n\n{excerpt}\n\n{url}","jetpack_publicize_feature_enabled":true,"jetpack_social_post_already_shared":true,"jetpack_social_options":{"image_generator_settings":{"template":"highway","default_image_id":0,"font":"","enabled":false},"version":2},"_wpas_customize_per_network":false,"jetpack_post_was_ever_published":false},"categories":[121852],"tags":[],"class_list":["post-1434","post","type-post","status-publish","format-standard","has-post-thumbnail","hentry","category-sin-categoria-es","entry"],"yoast_head":"<!-- This site is optimized with the Yoast SEO plugin v28.3 - https:\/\/yoast.com\/product\/yoast-seo-wordpress\/ -->\n<title>&#039;Cohorte Cantabria&#039; cumple un a\u00f1o y ya tiene m\u00e1s de 13.000 voluntarios - Cohorte Cantabria<\/title>\n<meta name=\"robots\" content=\"index, follow, max-snippet:-1, max-image-preview:large, max-video-preview:-1\" \/>\n<link rel=\"canonical\" href=\"https:\/\/cohortecantabria.com\/en\/2022\/04\/21\/cohorte-cantabria-cumple-un-ano-y-ya-tiene-mas-de-13000-voluntarios-aunque-necesita-50000\/\" \/>\n<meta property=\"og:locale\" content=\"en_GB\" \/>\n<meta property=\"og:type\" content=\"article\" \/>\n<meta property=\"og:title\" content=\"&#039;Cohorte Cantabria&#039; cumple un a\u00f1o y ya tiene m\u00e1s de 13.000 voluntarios - Cohorte Cantabria\" \/>\n<meta property=\"og:description\" content=\"Hasta el momento, se han presentado m\u00e1s mujeres, sobre todo de entre 40 y 50 a\u00f1os, que hombres y especialmente personas de Santander y Campoo-Los Valles Enlaces: El diario monta\u00f1es La Vanguardia\" \/>\n<meta property=\"og:url\" content=\"https:\/\/cohortecantabria.com\/en\/2022\/04\/21\/cohorte-cantabria-cumple-un-ano-y-ya-tiene-mas-de-13000-voluntarios-aunque-necesita-50000\/\" \/>\n<meta property=\"og:site_name\" content=\"Cohorte Cantabria\" \/>\n<meta property=\"article:publisher\" content=\"https:\/\/www.facebook.com\/CohorteCantabria\/\" \/>\n<meta property=\"article:published_time\" content=\"2022-04-21T09:14:13+00:00\" \/>\n<meta property=\"article:modified_time\" content=\"2023-08-18T11:24:49+00:00\" \/>\n<meta property=\"og:image\" content=\"https:\/\/cohortecantabria.com\/wp-content\/uploads\/2022\/04\/cohortecantabria-kxR-U1601728116671kNE-624x385@Diario-Montanes.jpg\" \/>\n\t<meta property=\"og:image:width\" content=\"624\" \/>\n\t<meta property=\"og:image:height\" content=\"385\" \/>\n\t<meta property=\"og:image:type\" content=\"image\/jpeg\" \/>\n<meta name=\"author\" content=\"Cohorte Cantabria\" \/>\n<meta name=\"twitter:card\" content=\"summary_large_image\" \/>\n<meta name=\"twitter:creator\" content=\"@CohortCantabria\" \/>\n<meta name=\"twitter:site\" content=\"@CohortCantabria\" \/>\n<meta name=\"twitter:label1\" content=\"Written by\" \/>\n\t<meta name=\"twitter:data1\" content=\"Cohorte Cantabria\" \/>\n\t<meta name=\"twitter:label2\" content=\"Estimated reading time\" \/>\n\t<meta name=\"twitter:data2\" content=\"1 minute\" \/>\n<script type=\"application\/ld+json\" class=\"yoast-schema-graph\">{\"@context\":\"https:\\\/\\\/schema.org\",\"@graph\":[{\"@type\":\"Article\",\"@id\":\"https:\\\/\\\/cohortecantabria.com\\\/2022\\\/04\\\/21\\\/cohorte-cantabria-cumple-un-ano-y-ya-tiene-mas-de-13000-voluntarios-aunque-necesita-50000\\\/#article\",\"isPartOf\":{\"@id\":\"https:\\\/\\\/cohortecantabria.com\\\/2022\\\/04\\\/21\\\/cohorte-cantabria-cumple-un-ano-y-ya-tiene-mas-de-13000-voluntarios-aunque-necesita-50000\\\/\"},\"author\":{\"name\":\"Cohorte Cantabria\",\"@id\":\"https:\\\/\\\/cohortecantabria.com\\\/#\\\/schema\\\/person\\\/60f0cf25b8446c78dc0af27aaafe79ed\"},\"headline\":\"&#8216;Cohorte Cantabria&#8217; cumple un a\u00f1o y ya tiene m\u00e1s de 13.000 voluntarios\",\"datePublished\":\"2022-04-21T09:14:13+00:00\",\"dateModified\":\"2023-08-18T11:24:49+00:00\",\"mainEntityOfPage\":{\"@id\":\"https:\\\/\\\/cohortecantabria.com\\\/2022\\\/04\\\/21\\\/cohorte-cantabria-cumple-un-ano-y-ya-tiene-mas-de-13000-voluntarios-aunque-necesita-50000\\\/\"},\"wordCount\":46,\"publisher\":{\"@id\":\"https:\\\/\\\/cohortecantabria.com\\\/#organization\"},\"image\":{\"@id\":\"https:\\\/\\\/cohortecantabria.com\\\/2022\\\/04\\\/21\\\/cohorte-cantabria-cumple-un-ano-y-ya-tiene-mas-de-13000-voluntarios-aunque-necesita-50000\\\/#primaryimage\"},\"thumbnailUrl\":\"https:\\\/\\\/cohortecantabria.com\\\/wp-content\\\/uploads\\\/2022\\\/04\\\/cohortecantabria-kxR-U1601728116671kNE-624x385@Diario-Montanes.jpg\",\"articleSection\":[\"Sin categor\u00eda\"],\"inLanguage\":\"en-GB\"},{\"@type\":\"WebPage\",\"@id\":\"https:\\\/\\\/cohortecantabria.com\\\/2022\\\/04\\\/21\\\/cohorte-cantabria-cumple-un-ano-y-ya-tiene-mas-de-13000-voluntarios-aunque-necesita-50000\\\/\",\"url\":\"https:\\\/\\\/cohortecantabria.com\\\/2022\\\/04\\\/21\\\/cohorte-cantabria-cumple-un-ano-y-ya-tiene-mas-de-13000-voluntarios-aunque-necesita-50000\\\/\",\"name\":\"'Cohorte Cantabria' cumple un a\u00f1o y ya tiene m\u00e1s de 13.000 voluntarios - Cohorte Cantabria\",\"isPartOf\":{\"@id\":\"https:\\\/\\\/cohortecantabria.com\\\/#website\"},\"primaryImageOfPage\":{\"@id\":\"https:\\\/\\\/cohortecantabria.com\\\/2022\\\/04\\\/21\\\/cohorte-cantabria-cumple-un-ano-y-ya-tiene-mas-de-13000-voluntarios-aunque-necesita-50000\\\/#primaryimage\"},\"image\":{\"@id\":\"https:\\\/\\\/cohortecantabria.com\\\/2022\\\/04\\\/21\\\/cohorte-cantabria-cumple-un-ano-y-ya-tiene-mas-de-13000-voluntarios-aunque-necesita-50000\\\/#primaryimage\"},\"thumbnailUrl\":\"https:\\\/\\\/cohortecantabria.com\\\/wp-content\\\/uploads\\\/2022\\\/04\\\/cohortecantabria-kxR-U1601728116671kNE-624x385@Diario-Montanes.jpg\",\"datePublished\":\"2022-04-21T09:14:13+00:00\",\"dateModified\":\"2023-08-18T11:24:49+00:00\",\"breadcrumb\":{\"@id\":\"https:\\\/\\\/cohortecantabria.com\\\/2022\\\/04\\\/21\\\/cohorte-cantabria-cumple-un-ano-y-ya-tiene-mas-de-13000-voluntarios-aunque-necesita-50000\\\/#breadcrumb\"},\"inLanguage\":\"en-GB\",\"potentialAction\":[{\"@type\":\"ReadAction\",\"target\":[\"https:\\\/\\\/cohortecantabria.com\\\/2022\\\/04\\\/21\\\/cohorte-cantabria-cumple-un-ano-y-ya-tiene-mas-de-13000-voluntarios-aunque-necesita-50000\\\/\"]}]},{\"@type\":\"ImageObject\",\"inLanguage\":\"en-GB\",\"@id\":\"https:\\\/\\\/cohortecantabria.com\\\/2022\\\/04\\\/21\\\/cohorte-cantabria-cumple-un-ano-y-ya-tiene-mas-de-13000-voluntarios-aunque-necesita-50000\\\/#primaryimage\",\"url\":\"https:\\\/\\\/cohortecantabria.com\\\/wp-content\\\/uploads\\\/2022\\\/04\\\/cohortecantabria-kxR-U1601728116671kNE-624x385@Diario-Montanes.jpg\",\"contentUrl\":\"https:\\\/\\\/cohortecantabria.com\\\/wp-content\\\/uploads\\\/2022\\\/04\\\/cohortecantabria-kxR-U1601728116671kNE-624x385@Diario-Montanes.jpg\",\"width\":624,\"height\":385},{\"@type\":\"BreadcrumbList\",\"@id\":\"https:\\\/\\\/cohortecantabria.com\\\/2022\\\/04\\\/21\\\/cohorte-cantabria-cumple-un-ano-y-ya-tiene-mas-de-13000-voluntarios-aunque-necesita-50000\\\/#breadcrumb\",\"itemListElement\":[{\"@type\":\"ListItem\",\"position\":1,\"name\":\"Portada\",\"item\":\"https:\\\/\\\/cohortecantabria.com\\\/\"},{\"@type\":\"ListItem\",\"position\":2,\"name\":\"&#8216;Cohorte Cantabria&#8217; cumple un a\u00f1o y ya tiene m\u00e1s de 13.000 voluntarios\"}]},{\"@type\":\"WebSite\",\"@id\":\"https:\\\/\\\/cohortecantabria.com\\\/#website\",\"url\":\"https:\\\/\\\/cohortecantabria.com\\\/\",\"name\":\"Cohorte Cantabria\",\"description\":\"El estudio de salud de Cantabria\",\"publisher\":{\"@id\":\"https:\\\/\\\/cohortecantabria.com\\\/#organization\"},\"alternateName\":\"cohortecantabria\",\"potentialAction\":[{\"@type\":\"SearchAction\",\"target\":{\"@type\":\"EntryPoint\",\"urlTemplate\":\"https:\\\/\\\/cohortecantabria.com\\\/?s={search_term_string}\"},\"query-input\":{\"@type\":\"PropertyValueSpecification\",\"valueRequired\":true,\"valueName\":\"search_term_string\"}}],\"inLanguage\":\"en-GB\"},{\"@type\":\"Organization\",\"@id\":\"https:\\\/\\\/cohortecantabria.com\\\/#organization\",\"name\":\"Cohorte Cantabria\",\"alternateName\":\"Cohorte Cantabria\",\"url\":\"https:\\\/\\\/cohortecantabria.com\\\/\",\"logo\":{\"@type\":\"ImageObject\",\"inLanguage\":\"en-GB\",\"@id\":\"https:\\\/\\\/cohortecantabria.com\\\/#\\\/schema\\\/logo\\\/image\\\/\",\"url\":\"https:\\\/\\\/cohortecantabria.com\\\/wp-content\\\/uploads\\\/2024\\\/12\\\/LOGOPNG_Cuadrado2000x20002.jpg\",\"contentUrl\":\"https:\\\/\\\/cohortecantabria.com\\\/wp-content\\\/uploads\\\/2024\\\/12\\\/LOGOPNG_Cuadrado2000x20002.jpg\",\"width\":1401,\"height\":1305,\"caption\":\"Cohorte Cantabria\"},\"image\":{\"@id\":\"https:\\\/\\\/cohortecantabria.com\\\/#\\\/schema\\\/logo\\\/image\\\/\"},\"sameAs\":[\"https:\\\/\\\/www.facebook.com\\\/CohorteCantabria\\\/\",\"https:\\\/\\\/x.com\\\/CohortCantabria\",\"https:\\\/\\\/www.youtube.com\\\/channel\\\/UCAu1Vqje_Ztv1YgpbWh1KxA\",\"https:\\\/\\\/www.linkedin.com\\\/company\\\/cohorte-cantabria\"]},{\"@type\":\"Person\",\"@id\":\"https:\\\/\\\/cohortecantabria.com\\\/#\\\/schema\\\/person\\\/60f0cf25b8446c78dc0af27aaafe79ed\",\"name\":\"Cohorte Cantabria\",\"image\":{\"@type\":\"ImageObject\",\"inLanguage\":\"en-GB\",\"@id\":\"https:\\\/\\\/secure.gravatar.com\\\/avatar\\\/dde3efa3d5035ab3e3488c93c82a2ef4310f4df0b7ba2272ae6de3bb03f6c88f?s=96&d=identicon&r=g\",\"url\":\"https:\\\/\\\/secure.gravatar.com\\\/avatar\\\/dde3efa3d5035ab3e3488c93c82a2ef4310f4df0b7ba2272ae6de3bb03f6c88f?s=96&d=identicon&r=g\",\"contentUrl\":\"https:\\\/\\\/secure.gravatar.com\\\/avatar\\\/dde3efa3d5035ab3e3488c93c82a2ef4310f4df0b7ba2272ae6de3bb03f6c88f?s=96&d=identicon&r=g\",\"caption\":\"Cohorte Cantabria\"},\"sameAs\":[\"http:\\\/\\\/cohortescantabria.wordpress.com\"],\"url\":\"https:\\\/\\\/cohortecantabria.com\\\/en\\\/author\\\/idivaladmin\\\/\"}]}<\/script>\n<!-- \/ Yoast SEO plugin. -->","yoast_head_json":{"title":"'Cohorte Cantabria' cumple un a\u00f1o y ya tiene m\u00e1s de 13.000 voluntarios - Cohorte Cantabria","robots":{"index":"index","follow":"follow","max-snippet":"max-snippet:-1","max-image-preview":"max-image-preview:large","max-video-preview":"max-video-preview:-1"},"canonical":"https:\/\/cohortecantabria.com\/en\/2022\/04\/21\/cohorte-cantabria-cumple-un-ano-y-ya-tiene-mas-de-13000-voluntarios-aunque-necesita-50000\/","og_locale":"en_GB","og_type":"article","og_title":"'Cohorte Cantabria' cumple un a\u00f1o y ya tiene m\u00e1s de 13.000 voluntarios - Cohorte Cantabria","og_description":"Hasta el momento, se han presentado m\u00e1s mujeres, sobre todo de entre 40 y 50 a\u00f1os, que hombres y especialmente personas de Santander y Campoo-Los Valles Enlaces: El diario monta\u00f1es La Vanguardia","og_url":"https:\/\/cohortecantabria.com\/en\/2022\/04\/21\/cohorte-cantabria-cumple-un-ano-y-ya-tiene-mas-de-13000-voluntarios-aunque-necesita-50000\/","og_site_name":"Cohorte Cantabria","article_publisher":"https:\/\/www.facebook.com\/CohorteCantabria\/","article_published_time":"2022-04-21T09:14:13+00:00","article_modified_time":"2023-08-18T11:24:49+00:00","og_image":[{"width":624,"height":385,"url":"https:\/\/cohortecantabria.com\/wp-content\/uploads\/2022\/04\/cohortecantabria-kxR-U1601728116671kNE-624x385@Diario-Montanes.jpg","type":"image\/jpeg"}],"author":"Cohorte Cantabria","twitter_card":"summary_large_image","twitter_creator":"@CohortCantabria","twitter_site":"@CohortCantabria","twitter_misc":{"Written by":"Cohorte Cantabria","Estimated reading time":"1 minute"},"schema":{"@context":"https:\/\/schema.org","@graph":[{"@type":"Article","@id":"https:\/\/cohortecantabria.com\/2022\/04\/21\/cohorte-cantabria-cumple-un-ano-y-ya-tiene-mas-de-13000-voluntarios-aunque-necesita-50000\/#article","isPartOf":{"@id":"https:\/\/cohortecantabria.com\/2022\/04\/21\/cohorte-cantabria-cumple-un-ano-y-ya-tiene-mas-de-13000-voluntarios-aunque-necesita-50000\/"},"author":{"name":"Cohorte Cantabria","@id":"https:\/\/cohortecantabria.com\/#\/schema\/person\/60f0cf25b8446c78dc0af27aaafe79ed"},"headline":"&#8216;Cohorte Cantabria&#8217; cumple un a\u00f1o y ya tiene m\u00e1s de 13.000 voluntarios","datePublished":"2022-04-21T09:14:13+00:00","dateModified":"2023-08-18T11:24:49+00:00","mainEntityOfPage":{"@id":"https:\/\/cohortecantabria.com\/2022\/04\/21\/cohorte-cantabria-cumple-un-ano-y-ya-tiene-mas-de-13000-voluntarios-aunque-necesita-50000\/"},"wordCount":46,"publisher":{"@id":"https:\/\/cohortecantabria.com\/#organization"},"image":{"@id":"https:\/\/cohortecantabria.com\/2022\/04\/21\/cohorte-cantabria-cumple-un-ano-y-ya-tiene-mas-de-13000-voluntarios-aunque-necesita-50000\/#primaryimage"},"thumbnailUrl":"https:\/\/cohortecantabria.com\/wp-content\/uploads\/2022\/04\/cohortecantabria-kxR-U1601728116671kNE-624x385@Diario-Montanes.jpg","articleSection":["Sin categor\u00eda"],"inLanguage":"en-GB"},{"@type":"WebPage","@id":"https:\/\/cohortecantabria.com\/2022\/04\/21\/cohorte-cantabria-cumple-un-ano-y-ya-tiene-mas-de-13000-voluntarios-aunque-necesita-50000\/","url":"https:\/\/cohortecantabria.com\/2022\/04\/21\/cohorte-cantabria-cumple-un-ano-y-ya-tiene-mas-de-13000-voluntarios-aunque-necesita-50000\/","name":"'Cohorte Cantabria' cumple un a\u00f1o y ya tiene m\u00e1s de 13.000 voluntarios - Cohorte Cantabria","isPartOf":{"@id":"https:\/\/cohortecantabria.com\/#website"},"primaryImageOfPage":{"@id":"https:\/\/cohortecantabria.com\/2022\/04\/21\/cohorte-cantabria-cumple-un-ano-y-ya-tiene-mas-de-13000-voluntarios-aunque-necesita-50000\/#primaryimage"},"image":{"@id":"https:\/\/cohortecantabria.com\/2022\/04\/21\/cohorte-cantabria-cumple-un-ano-y-ya-tiene-mas-de-13000-voluntarios-aunque-necesita-50000\/#primaryimage"},"thumbnailUrl":"https:\/\/cohortecantabria.com\/wp-content\/uploads\/2022\/04\/cohortecantabria-kxR-U1601728116671kNE-624x385@Diario-Montanes.jpg","datePublished":"2022-04-21T09:14:13+00:00","dateModified":"2023-08-18T11:24:49+00:00","breadcrumb":{"@id":"https:\/\/cohortecantabria.com\/2022\/04\/21\/cohorte-cantabria-cumple-un-ano-y-ya-tiene-mas-de-13000-voluntarios-aunque-necesita-50000\/#breadcrumb"},"inLanguage":"en-GB","potentialAction":[{"@type":"ReadAction","target":["https:\/\/cohortecantabria.com\/2022\/04\/21\/cohorte-cantabria-cumple-un-ano-y-ya-tiene-mas-de-13000-voluntarios-aunque-necesita-50000\/"]}]},{"@type":"ImageObject","inLanguage":"en-GB","@id":"https:\/\/cohortecantabria.com\/2022\/04\/21\/cohorte-cantabria-cumple-un-ano-y-ya-tiene-mas-de-13000-voluntarios-aunque-necesita-50000\/#primaryimage","url":"https:\/\/cohortecantabria.com\/wp-content\/uploads\/2022\/04\/cohortecantabria-kxR-U1601728116671kNE-624x385@Diario-Montanes.jpg","contentUrl":"https:\/\/cohortecantabria.com\/wp-content\/uploads\/2022\/04\/cohortecantabria-kxR-U1601728116671kNE-624x385@Diario-Montanes.jpg","width":624,"height":385},{"@type":"BreadcrumbList","@id":"https:\/\/cohortecantabria.com\/2022\/04\/21\/cohorte-cantabria-cumple-un-ano-y-ya-tiene-mas-de-13000-voluntarios-aunque-necesita-50000\/#breadcrumb","itemListElement":[{"@type":"ListItem","position":1,"name":"Portada","item":"https:\/\/cohortecantabria.com\/"},{"@type":"ListItem","position":2,"name":"&#8216;Cohorte Cantabria&#8217; cumple un a\u00f1o y ya tiene m\u00e1s de 13.000 voluntarios"}]},{"@type":"WebSite","@id":"https:\/\/cohortecantabria.com\/#website","url":"https:\/\/cohortecantabria.com\/","name":"Cantabria Cohort","description":"El estudio de salud de Cantabria","publisher":{"@id":"https:\/\/cohortecantabria.com\/#organization"},"alternateName":"cohortecantabria","potentialAction":[{"@type":"SearchAction","target":{"@type":"EntryPoint","urlTemplate":"https:\/\/cohortecantabria.com\/?s={search_term_string}"},"query-input":{"@type":"PropertyValueSpecification","valueRequired":true,"valueName":"search_term_string"}}],"inLanguage":"en-GB"},{"@type":"Organization","@id":"https:\/\/cohortecantabria.com\/#organization","name":"Cantabria Cohort","alternateName":"Cohorte Cantabria","url":"https:\/\/cohortecantabria.com\/","logo":{"@type":"ImageObject","inLanguage":"en-GB","@id":"https:\/\/cohortecantabria.com\/#\/schema\/logo\/image\/","url":"https:\/\/cohortecantabria.com\/wp-content\/uploads\/2024\/12\/LOGOPNG_Cuadrado2000x20002.jpg","contentUrl":"https:\/\/cohortecantabria.com\/wp-content\/uploads\/2024\/12\/LOGOPNG_Cuadrado2000x20002.jpg","width":1401,"height":1305,"caption":"Cohorte Cantabria"},"image":{"@id":"https:\/\/cohortecantabria.com\/#\/schema\/logo\/image\/"},"sameAs":["https:\/\/www.facebook.com\/CohorteCantabria\/","https:\/\/x.com\/CohortCantabria","https:\/\/www.youtube.com\/channel\/UCAu1Vqje_Ztv1YgpbWh1KxA","https:\/\/www.linkedin.com\/company\/cohorte-cantabria"]},{"@type":"Person","@id":"https:\/\/cohortecantabria.com\/#\/schema\/person\/60f0cf25b8446c78dc0af27aaafe79ed","name":"Cantabria Cohort","image":{"@type":"ImageObject","inLanguage":"en-GB","@id":"https:\/\/secure.gravatar.com\/avatar\/dde3efa3d5035ab3e3488c93c82a2ef4310f4df0b7ba2272ae6de3bb03f6c88f?s=96&d=identicon&r=g","url":"https:\/\/secure.gravatar.com\/avatar\/dde3efa3d5035ab3e3488c93c82a2ef4310f4df0b7ba2272ae6de3bb03f6c88f?s=96&d=identicon&r=g","contentUrl":"https:\/\/secure.gravatar.com\/avatar\/dde3efa3d5035ab3e3488c93c82a2ef4310f4df0b7ba2272ae6de3bb03f6c88f?s=96&d=identicon&r=g","caption":"Cohorte Cantabria"},"sameAs":["http:\/\/cohortescantabria.wordpress.com"],"url":"https:\/\/cohortecantabria.com\/en\/author\/idivaladmin\/"}]}},"jetpack_publicize_connections":[],"jetpack_likes_enabled":true,"jetpack_sharing_enabled":true,"jetpack_shortlink":"https:\/\/wp.me\/pcJYBM-n8","jetpack_featured_media_url":"https:\/\/cohortecantabria.com\/wp-content\/uploads\/2022\/04\/cohortecantabria-kxR-U1601728116671kNE-624x385@Diario-Montanes.jpg","_links":{"self":[{"href":"https:\/\/cohortecantabria.com\/en\/wp-json\/wp\/v2\/posts\/1434","targetHints":{"allow":["GET"]}}],"collection":[{"href":"https:\/\/cohortecantabria.com\/en\/wp-json\/wp\/v2\/posts"}],"about":[{"href":"https:\/\/cohortecantabria.com\/en\/wp-json\/wp\/v2\/types\/post"}],"author":[{"embeddable":true,"href":"https:\/\/cohortecantabria.com\/en\/wp-json\/wp\/v2\/users\/200200971"}],"replies":[{"embeddable":true,"href":"https:\/\/cohortecantabria.com\/en\/wp-json\/wp\/v2\/comments?post=1434"}],"version-history":[{"count":4,"href":"https:\/\/cohortecantabria.com\/en\/wp-json\/wp\/v2\/posts\/1434\/revisions"}],"predecessor-version":[{"id":4620,"href":"https:\/\/cohortecantabria.com\/en\/wp-json\/wp\/v2\/posts\/1434\/revisions\/4620"}],"wp:featuredmedia":[{"embeddable":true,"href":"https:\/\/cohortecantabria.com\/en\/wp-json\/wp\/v2\/media\/1436"}],"wp:attachment":[{"href":"https:\/\/cohortecantabria.com\/en\/wp-json\/wp\/v2\/media?parent=1434"}],"wp:term":[{"taxonomy":"category","embeddable":true,"href":"https:\/\/cohortecantabria.com\/en\/wp-json\/wp\/v2\/categories?post=1434"},{"taxonomy":"post_tag","embeddable":true,"href":"https:\/\/cohortecantabria.com\/en\/wp-json\/wp\/v2\/tags?post=1434"}],"curies":[{"name":"wp","href":"https:\/\/api.w.org\/{rel}","templated":true}]}}